{"id":1570,"date":"2018-09-10T14:55:52","date_gmt":"2018-09-10T12:55:52","guid":{"rendered":"https:\/\/ecobnb.de\/blog\/?p=1570"},"modified":"2020-11-11T09:32:57","modified_gmt":"2020-11-11T08:32:57","slug":"bled-sehenswuerdigkeiten","status":"publish","type":"post","link":"https:\/\/ecobnb.de\/blog\/2018\/09\/bled-sehenswuerdigkeiten\/","title":{"rendered":"Bled: 10 Sehensw\u00fcrdigkeiten der slowenischen Perle"},"content":{"rendered":"<h2>Eine in der Zeit eingefrorene Atmosph\u00e4re. Stille Schneelandschaften. Ein romantisches Schloss, wo alte Legenden und moderne Seifenopern zusammenleben. Ein Kahnf\u00fchrer erz\u00e4hlt uns die lokalen Sagen, w\u00e4hrend er uns zum bezauberten Inselchen in der Mitte des Sees bringt. Bled ist das perfekte Ziel f\u00fcr umweltfreundliche Touristen: nach Lonely Planet 2018 ist es\u00a0die dritte Stadt in der Welt welche man besuchen sollte. Wir d\u00fcrfen das nicht verpassen: Hier\u00a0sind die 10 Top Erfahrungen, welche\u00a0\u00a0Sie \u00a0in dieser alpinen Perle erleben sollen.<\/h2>\n<p>Sobald wir in <strong>Bled<\/strong>\u00a0 im Herzen der Julischen Alpen angekommen sind, atmen wir eine surreale Ruhe \u00a0mit einer in der Zeit eingefrorenen Atmosph\u00e4re. Bled liegt nur eine Stunde von Italien\u00a0entfernt und ist\u00a0das perfekte Ziel f\u00fcr\u00a0umweltfreundliche Reisende\u00a0oder f\u00fcr Liebhaber eines\u00a0romantischen Ausfluges.<\/p>\n<p>In der Vergangenheit hat Bled viele Dichter\u00a0und Schriftsteller\u00a0bezaubert. Heutzutage ist sie eine der sch\u00f6nsten Urlaubsziele, welche umweltfreundliche Mobilit\u00e4t in der Alpen f\u00f6rdert. <strong>Lonely Planet<\/strong>\u00a0bezeichnete\u00a0Bled \u00a0als die dritte Stadt weltweit\u00a0welche man besuchen sollte: Auf diese Weise ist sie jetzt eine zu einer der wichtigsten umweltfreundlichen Ziele in Europa geworden.<br \/>\nWir sind an einen klammen Herbsttag\u00a0in Bled angekommen. Die kleine <strong>alpine Perle<\/strong>\u00a0war\u00a0von den hellen Farben der Bl\u00e4tter, welche von ockergelb bis zum intensiven rot gingen, geh\u00fcllt. Es war St. Martins Tag und traditionale Musik und Lieder sowie\u00a0die Weinger\u00fcche\u00a0\u00a0breiteten sich in\u00a0der Luft aus. Wir haben ihre Landschaften und Atmosph\u00e4ren mit den Freunden der Alpinen Perle entdeckt und\u00a0waren bezaubert.<\/p>\n<p>Wie hat Bled uns eigentlich erstaunt? Es gibt mindestens <strong>10 Erfahrungen<\/strong>, die uns beeindruckt\u00a0haben: hier\u00a0 10 Gr\u00fcnde, um\u00a0diese sch\u00f6ne alpine Perle\u00a0zu besuchen:<\/p>\n<h2>1. Auf dem See an Bord einer \u201ePletna\u201c segeln<\/h2>\n<div id=\"attachment_1573\" class=\"thumbnail alignnone\"><a href=\"https:\/\/ecobnb.de\/blog\/app\/uploads\/sites\/4\/2018\/09\/Bled-Pletna.jpg\"><img class=\"size-full wp-image-1573\" src=\"https:\/\/ecobnb.de\/blog\/app\/uploads\/sites\/4\/2018\/09\/Bled-Pletna.jpg\" alt=\"Das typische Holzboot von Bled, damit man den See durchfahren und die Insel erreichen kann\" width=\"1170\" height=\"782\" srcset=\"https:\/\/ecobnb.de\/blog\/app\/uploads\/sites\/4\/2018\/09\/Bled-Pletna.jpg 1170w, https:\/\/ecobnb.de\/blog\/app\/uploads\/sites\/4\/2018\/09\/Bled-Pletna-536x358.jpg 536w, https:\/\/ecobnb.de\/blog\/app\/uploads\/sites\/4\/2018\/09\/Bled-Pletna-344x230.jpg 344w\" sizes=\"(max-width: 1170px) 100vw, 1170px\" \/><\/a><div class=\"caption\">Das typische Holzboot von Bled, damit man den See durchfahren und die Insel erreichen kann.<\/div><\/div>\n<p>Wir fahren\u00a0an Bord einer \u201e<strong>Pletna<\/strong>\u201c, das typische Boot von Bled. Der Kahnf\u00fchrer erz\u00e4hlt uns, dass dieses Schiff deutsche Urspr\u00fcnge hat. Es ist durch die flache und nicht tiefe Form charakterisiert. Diese Form gibt ihr\u00a0ein gutes Ausgleichen auf dem Wasser. Eigentlich sind wir 8 Leute an Bord und jedes Mal wenn einer von uns aufsteht oder sich bewegt, um eine Foto zu machen, schimpft der \u00a0Kahnf\u00fchrer weil das Boot\u00a0\u00a0das Gleichgewicht\u00a0verliert.<\/p>\n<p>W\u00e4hrend er das Schiff mit zwei gro\u00dfen\u00a0<strong>Holzrudern<\/strong> langsam auf dem Wasser f\u00fchrt, erz\u00e4hlt er uns die wahre Geschichte von Bled. Zum Beispiel geben\u00a0sich die verschiedenen Familien ihre Berufe von einer Generation zur anderen weiter. Unser Kahnf\u00fchrer hat seinen Beruf von seinem Opa\u00a0\u00fcbernommen und die Familien, \u00a0die eine Pletna fahren k\u00f6nnen sind nur 25 im ganzen Gebiet.<\/p>\n<p>Wir lassen das Festland hinter uns w\u00e4hrend \u00a0wir uns dem \u00a0Inselchen n\u00e4hern und dieses \u00a0immer gr\u00f6\u00dfer wird. Ein\u00a0\u00a0 m\u00e4rchenhafter Himmel h\u00fcllt es ein: hellblaue Farben, \u00a0graue und wei\u00dfe Nuancen von\u00a0herbstlichen Nebel.<\/p>\n<p>Der Kahnf\u00fchrer erz\u00e4hlt uns die Geschichte von Bled und die <strong>5 urspr\u00fcnglichen D\u00f6rfer<\/strong>. Eines ist Mill, ein \u00a0zwischen den Bergen und dem Fluss eingef\u00fcgtes Dorf, das\u00a0im See liegt. Da die Einwohner\u00a0von\u00a0Mill weniger Ackerland als andere im Gebiet\u00a0von Bled\u00a0hatten, k\u00f6nnten sie den See zum Fischen oder um Boote zu fahren benutzen.<\/p>\n<div id=\"attachment_1574\" class=\"thumbnail alignnone\"><a href=\"https:\/\/ecobnb.de\/blog\/app\/uploads\/sites\/4\/2018\/09\/pletna-foto-silvia.jpg\"><img class=\"size-full wp-image-1574\" src=\"https:\/\/ecobnb.de\/blog\/app\/uploads\/sites\/4\/2018\/09\/pletna-foto-silvia.jpg\" alt=\"Pletna, typische Holzboot verankert auf dem See von Bled. Foto von Silvia Ombellini\" width=\"870\" height=\"490\" srcset=\"https:\/\/ecobnb.de\/blog\/app\/uploads\/sites\/4\/2018\/09\/pletna-foto-silvia.jpg 870w, https:\/\/ecobnb.de\/blog\/app\/uploads\/sites\/4\/2018\/09\/pletna-foto-silvia-536x302.jpg 536w, https:\/\/ecobnb.de\/blog\/app\/uploads\/sites\/4\/2018\/09\/pletna-foto-silvia-570x320.jpg 570w, https:\/\/ecobnb.de\/blog\/app\/uploads\/sites\/4\/2018\/09\/pletna-foto-silvia-344x194.jpg 344w\" sizes=\"(max-width: 870px) 100vw, 870px\" \/><\/a><div class=\"caption\">Pletna, typische Holzboot verankert auf dem See von Bled. Foto von Silvia Ombellini.<\/div><\/div>\n<p>Nat\u00fcrlich\u00a0sind\u00a0keine Plastik- oder Motorboote auf dem See erlaubt, sondern nur Holz-, Reihe- oder elektrische Boote. <strong>Nachhaltigkeit<\/strong> ist eine der Priorit\u00e4ten der Touristischen Entwicklung in Bled. Es ist auch m\u00f6glich in Kanu den See zu \u00fcberqueren, jedoch \u00a0gibt es keinen Kanus Verleih, damit der\u00a0See \u00a0im Sommer\u00a0nicht \u00fcberf\u00fcllt ist.<\/p>\n<h2>2. Die Insel entdecken und die Glocke der W\u00fcnsche l\u00e4uten<\/h2>\n<div id=\"attachment_1575\" class=\"thumbnail alignnone\"><a href=\"https:\/\/ecobnb.de\/blog\/app\/uploads\/sites\/4\/2018\/09\/Bled_isolotto-con-la-neve.jpg\"><img class=\"size-full wp-image-1575\" src=\"https:\/\/ecobnb.de\/blog\/app\/uploads\/sites\/4\/2018\/09\/Bled_isolotto-con-la-neve.jpg\" alt=\"Bled, das schneebedeckte Inselchen\" width=\"1170\" height=\"776\" srcset=\"https:\/\/ecobnb.de\/blog\/app\/uploads\/sites\/4\/2018\/09\/Bled_isolotto-con-la-neve.jpg 1170w, https:\/\/ecobnb.de\/blog\/app\/uploads\/sites\/4\/2018\/09\/Bled_isolotto-con-la-neve-536x356.jpg 536w, https:\/\/ecobnb.de\/blog\/app\/uploads\/sites\/4\/2018\/09\/Bled_isolotto-con-la-neve-344x228.jpg 344w\" sizes=\"(max-width: 1170px) 100vw, 1170px\" \/><\/a><div class=\"caption\">Bled, das schneebedeckte Inselchen.<\/div><\/div>\n<p>Es gibt etwas Magisches in dieser mitten im See liegenden Insel von\u00a0Bled. Die <strong>Legende<\/strong> erz\u00e4hlt, dass vor langer Zeit eine junge Witwe dort auf\u00a0dem kleinen Inselchen lebte. Ihr Mann wurde von einigen\u00a0Banditen get\u00f6tet und ins \u00a0Seewasser geworfen. Die Frau legte all ihre Gold und Silberwaren zusammen, um eine Glocke zu schmelzen. Die Glocke sollte\u00a0in einer kleinen Kapelle auf der Insel installiert werden, \u00a0jedoch ein fester\u00a0und pl\u00f6tzlicher Sturm versenkte das Schiff und die Glocke ging\u00a0im Wasser verloren.<\/p>\n<p>Bleds Bewohner erz\u00e4hlen, dass diejenigen welche\u00a0an sternklaren N\u00e4chten den See durchfahren,\u00a0\u00a0heute noch aus den Seetiefen die Glocke h\u00f6ren k\u00f6nnen. Aber, wie endet die Geschichte der jungen Witwe? Nach dem Verlust der Glocke entschied die Frau alle ihre Verm\u00f6gen \u00a0dem Pfarrbezirk zu spenden um eine neue Kirche zu erbauen und \u00a0zog dann ins Kloster. Nachdem wurde eine neue Glocke geschmolzen, die ohne Umf\u00e4lle auf \u00a0die Insel\u00a0gebracht wurde.<\/p>\n<p>Diese Glocke wird\u00a0\u201e<strong>Glocke der W\u00fcnsche<\/strong>\u201c genannt. Man sagt, dass wer\u00a0 diese Glocke l\u00e4uten h\u00f6rt, nachdem er\u00a0einen grossen \u00a0Wunsch ge\u00e4u\u00dfert hat, sich\u00a0alle W\u00fcnsche verwirklicht werden.<\/p>\n<p>Wir sind auf die Inseln gelandet und m\u00fcssen\u00a0einen Wunsch \u00a0\u00e4u\u00dfern, in der Hoffnung dass die\u00a0bekannte Glocke l\u00e4utet und unsere W\u00fcnsche verwirklicht.<\/p>\n<p>Die kleine Insel bezaubert mit\u00a0ihrer Stille. Man h\u00f6rt nur einige Ger\u00e4usche wie\u00a0die Schiffe, welche \u00fcber den Wellen segeln, das Auffliegen der \u00a0V\u00f6gel und den Klang der Glocke der W\u00fcnsche.<\/p>\n<p>Eine weitere\u00a0Merkw\u00fcrdigkeit: Jedes Jahr am Weihnachtstag wird eine <strong>leuchtende Glocke<\/strong>\u00a0auf der Oberfl\u00e4che des Sees installiert. Diese\u00a0wird von\u00a0den lokalen Winzern mit vielen kleinen LED Lichtern\u00a0erbaut\u00a0, um diese alte Legende wieder aufleben zu lassen.<\/p>\n<p>Wir erfahren,\u00a0dass Menschen seit der <strong>Urgeschichte<\/strong>\u00a0auf dieser Insel leben, und dass im 18. Jahrhundert Frauen gegen die franz\u00f6sischen Invasoren die Insel verteidigt haben. Die letzten Inselbewohner haben ihre Wohnung seit 40 Jahren verlassen. Nun stehen\u00a0da nur noch sch\u00f6ne hellstein Geb\u00e4ude und der Stall, wo die letzte Bauernfamilie ihre K\u00fche\u00a0hatte.<\/p>\n\n\t\t<style type=\"text\/css\">\n\t\t\t#gallery-1 {\n\t\t\t\tmargin: auto;\n\t\t\t}\n\t\t\t#gallery-1 .gallery-item {\n\t\t\t\tfloat: left;\n\t\t\t\tmargin-top: 10px;\n\t\t\t\ttext-align: center;\n\t\t\t\twidth: 33%;\n\t\t\t}\n\t\t\t#gallery-1 img {\n\t\t\t\tborder: 2px solid #cfcfcf;\n\t\t\t}\n\t\t\t#gallery-1 .gallery-caption {\n\t\t\t\tmargin-left: 0;\n\t\t\t}\n\t\t\t\/* see gallery_shortcode() in wp-includes\/media.php *\/\n\t\t<\/style>\n\t\t<div id='gallery-1' class='gallery galleryid-1570 gallery-columns-3 gallery-size-thumbnail'><dl class='gallery-item'>\n\t\t\t<dt class='gallery-icon landscape'>\n\t\t\t\t<a href='https:\/\/ecobnb.de\/blog\/2018\/09\/bled-sehenswuerdigkeiten\/statua-isolotto\/#main'><img width=\"270\" height=\"200\" src=\"https:\/\/ecobnb.de\/blog\/app\/uploads\/sites\/4\/2018\/09\/statua-isolotto.jpg\" class=\"attachment-thumbnail size-thumbnail\" alt=\"\" aria-describedby=\"gallery-1-1576\" \/><\/a>\n\t\t\t<\/dt>\n\t\t\t\t<dd class='wp-caption-text gallery-caption' id='gallery-1-1576'>\n\t\t\t\tAlte Statue auf der Insel von Bled\n\t\t\t\t<\/dd><\/dl><dl class='gallery-item'>\n\t\t\t<dt class='gallery-icon landscape'>\n\t\t\t\t<a href='https:\/\/ecobnb.de\/blog\/2018\/09\/bled-sehenswuerdigkeiten\/antica-abitazione\/#main'><img width=\"270\" height=\"200\" src=\"https:\/\/ecobnb.de\/blog\/app\/uploads\/sites\/4\/2018\/09\/antica-abitazione.jpg\" class=\"attachment-thumbnail size-thumbnail\" alt=\"Alte Wohnung auf der Insel von Bled\" aria-describedby=\"gallery-1-1577\" \/><\/a>\n\t\t\t<\/dt>\n\t\t\t\t<dd class='wp-caption-text gallery-caption' id='gallery-1-1577'>\n\t\t\t\tAlte Wohnung auf der Insel von Bled\n\t\t\t\t<\/dd><\/dl><dl class='gallery-item'>\n\t\t\t<dt class='gallery-icon landscape'>\n\t\t\t\t<a href='https:\/\/ecobnb.de\/blog\/2018\/09\/bled-sehenswuerdigkeiten\/orologio\/#main'><img width=\"270\" height=\"200\" src=\"https:\/\/ecobnb.de\/blog\/app\/uploads\/sites\/4\/2018\/09\/orologio.jpg\" class=\"attachment-thumbnail size-thumbnail\" alt=\"Uhr innerhalb dem Glockenturm\" aria-describedby=\"gallery-1-1578\" \/><\/a>\n\t\t\t<\/dt>\n\t\t\t\t<dd class='wp-caption-text gallery-caption' id='gallery-1-1578'>\n\t\t\t\tUhr innerhalb dem Glockenturm\n\t\t\t\t<\/dd><\/dl><br style=\"clear: both\" \/>\n\t\t<\/div>\n\n<p>Wir sind auf den <strong>Kirchturm<\/strong> gestiegen und haben verschiedene Ger\u00e4te zur Zeitmessung beobachtet. Bis zu der gro\u00dfe Pendeluhr, die in der surrealen Stille die Sekunden unterteilt. Von der Kirchturmspitze kann man eine wunderbare 360\u00b0 Ansicht geniessen. In der N\u00e4he gibt es ein altes Geb\u00e4ude, wo man Kunstwerke und traditionale Kachel\u00f6fen finden kann.<\/p>\n<p>Bevor wir losfahren, m\u00fcssen wir noch eine hei\u00dfe Teetasse trinken: Wir gehen ins \u201e<strong>Provost\u2019s House<\/strong>\u201c, eine alte Wohnung und \u00a0probieren auch einen traditionellen\u00a0slowenischen Kuchen, den \u201e<strong>Putizza<\/strong>\u201c.<\/p>\n<h2>3. Seerundfahrt mit dem Rad\u00a0oder zu Fuss<\/h2>\n<div id=\"attachment_1579\" class=\"thumbnail alignnone\"><a href=\"https:\/\/ecobnb.de\/blog\/app\/uploads\/sites\/4\/2018\/09\/Bled-lungolago.jpg\"><img class=\"size-full wp-image-1579\" src=\"https:\/\/ecobnb.de\/blog\/app\/uploads\/sites\/4\/2018\/09\/Bled-lungolago.jpg\" alt=\"Die Seepromenade von Bled\" width=\"1170\" height=\"726\" srcset=\"https:\/\/ecobnb.de\/blog\/app\/uploads\/sites\/4\/2018\/09\/Bled-lungolago.jpg 1170w, https:\/\/ecobnb.de\/blog\/app\/uploads\/sites\/4\/2018\/09\/Bled-lungolago-536x333.jpg 536w, https:\/\/ecobnb.de\/blog\/app\/uploads\/sites\/4\/2018\/09\/Bled-lungolago-344x213.jpg 344w\" sizes=\"(max-width: 1170px) 100vw, 1170px\" \/><\/a><div class=\"caption\">Die Seepromenade von Bled.<\/div><\/div>\n<p>\u201eKrain hat keinen sch\u00f6n\u2018ren Ort, \/ als dieses Abbild des Paradieses.\u201c Sagte <strong>France Pre\u0161eren<\/strong>, der gr\u00f6\u00dfte slowenische Dichter, \u00fcber Bled und ihre unglaublichen Landschaften.<\/p>\n<p>Um das Beste aus den fabelhaften Ansichten zu machen, empfehlen wir Ihnen sich\u00a0langsam zu bewegen: zu Fuss oder\u00a0mit dem Rad . Auf diese Weise kann man\u00a0bei der \u00a0<strong>Seerundfahrt <\/strong>\u00a0die unvergleichbaren Ansichten von Bled am Besten geniessen.\u00a0Der Weg ist ungef\u00e4hr 6km lang: Ein angenehmer\u00a0anderthalb Stundenlanger Spaziergang der auch f\u00fcr Familien mit Kindern ideal ist.\u00a0\u00a0Den See entlang sind viele Halte m\u00f6glich: von den fotographischen Punkten, wo die Selfie-Pause ein Muss ist, bis zur Sitzb\u00e4nke\u00a0und den\u00a0Kunstinstallationen zu Kaffees.<\/p>\n<h2>4. Eroberung des romantischen Schlosses<\/h2>\n<div id=\"attachment_1580\" class=\"thumbnail alignnone\"><a href=\"https:\/\/ecobnb.de\/blog\/app\/uploads\/sites\/4\/2018\/09\/Bled-romantico-castello.jpg\"><img class=\"size-full wp-image-1580\" src=\"https:\/\/ecobnb.de\/blog\/app\/uploads\/sites\/4\/2018\/09\/Bled-romantico-castello.jpg\" alt=\"Das romantisches Schloss von Bled\" width=\"1024\" height=\"490\" srcset=\"https:\/\/ecobnb.de\/blog\/app\/uploads\/sites\/4\/2018\/09\/Bled-romantico-castello.jpg 1024w, https:\/\/ecobnb.de\/blog\/app\/uploads\/sites\/4\/2018\/09\/Bled-romantico-castello-536x256.jpg 536w, https:\/\/ecobnb.de\/blog\/app\/uploads\/sites\/4\/2018\/09\/Bled-romantico-castello-344x165.jpg 344w\" sizes=\"(max-width: 1024px) 100vw, 1024px\" \/><\/a><div class=\"caption\">Das romantisches Schloss von Bled.<\/div><\/div>\n<p>Eine weitere\u00a0Sehensw\u00fcrdigkeit \u00a0ist die Ansicht von Bled und ihr See von der <strong>Spitze des Schloss.<\/strong>\u00a0Das Schloss ist eines der \u00e4ltesten Schl\u00f6sser Sloweniens.<\/p>\n<p>Ich wei\u00df nicht wieso, aber das Panorama des Schlosses \u00fcber dem See, erinnert mich an\u00a0<strong>Magrittes<\/strong> Kunstwerk \u201e<strong>Le ch\u00e2teau des Pyr\u00e9n\u00e9es<\/strong>\u201c. Das Schloss ist eigentlich fest an einem\u00a0Felsen gebaut, sieht aber\u00a0dem von Magrittes Kunstwerk \u00e4hnlich : Von Weiten k\u00f6nnte man glauben es h\u00e4nge\u00a0unter der Vegetation \u00fcber dem See.<\/p>\n<p>Gleich\u00a0erfahren\u00a0wir, dass das Schloss als B\u00fchnenausstattung f\u00fcr die koreanische Seifenopern \u201e<a href=\"https:\/\/www.slovenia.info\/en\/press-centre\/news-of-the-tourism-press-agency\/5660-korean-romantic-drama-dear-my-friends-filming-in-slovenia\" target=\"_blank\" rel=\"noopener\">Dear My Friends<\/a>\u201c ausgew\u00e4hlt wurde. Bleds B\u00fcrgermeisters sagt, dass nach der Projektion dieses \u201eromantischen Dramas\u201c die Zahlen\u00a0der s\u00fcdkoreanischen Touristen 20% von lokalen Touristen erreichtet hat.<\/p>\n<div id=\"attachment_1581\" class=\"thumbnail alignnone\"><a href=\"https:\/\/ecobnb.de\/blog\/app\/uploads\/sites\/4\/2018\/09\/lago-3-870x490.jpg\"><img class=\"wp-image-1581 size-full\" src=\"https:\/\/ecobnb.de\/blog\/app\/uploads\/sites\/4\/2018\/09\/lago-3-870x490.jpg\" alt=\"Ansicht des Sees an Sonnenuntergang von der Spitze des Schlosses, Foto von Silvia Ombellini\" width=\"870\" height=\"490\" srcset=\"https:\/\/ecobnb.de\/blog\/app\/uploads\/sites\/4\/2018\/09\/lago-3-870x490.jpg 870w, https:\/\/ecobnb.de\/blog\/app\/uploads\/sites\/4\/2018\/09\/lago-3-870x490-536x302.jpg 536w, https:\/\/ecobnb.de\/blog\/app\/uploads\/sites\/4\/2018\/09\/lago-3-870x490-570x320.jpg 570w, https:\/\/ecobnb.de\/blog\/app\/uploads\/sites\/4\/2018\/09\/lago-3-870x490-344x194.jpg 344w\" sizes=\"(max-width: 870px) 100vw, 870px\" \/><\/a><div class=\"caption\">Ansicht des Sees bei Sonnenuntergang von der Spitze des Schlosses, Foto von Silvia Ombellini.<\/div><\/div>\n\n\t\t<style type=\"text\/css\">\n\t\t\t#gallery-2 {\n\t\t\t\tmargin: auto;\n\t\t\t}\n\t\t\t#gallery-2 .gallery-item {\n\t\t\t\tfloat: left;\n\t\t\t\tmargin-top: 10px;\n\t\t\t\ttext-align: center;\n\t\t\t\twidth: 33%;\n\t\t\t}\n\t\t\t#gallery-2 img {\n\t\t\t\tborder: 2px solid #cfcfcf;\n\t\t\t}\n\t\t\t#gallery-2 .gallery-caption {\n\t\t\t\tmargin-left: 0;\n\t\t\t}\n\t\t\t\/* see gallery_shortcode() in wp-includes\/media.php *\/\n\t\t<\/style>\n\t\t<div id='gallery-2' class='gallery galleryid-1570 gallery-columns-3 gallery-size-thumbnail'><dl class='gallery-item'>\n\t\t\t<dt class='gallery-icon landscape'>\n\t\t\t\t<a href='https:\/\/ecobnb.de\/blog\/2018\/09\/bled-sehenswuerdigkeiten\/ingresso-al-castello\/#main'><img width=\"270\" height=\"200\" src=\"https:\/\/ecobnb.de\/blog\/app\/uploads\/sites\/4\/2018\/09\/ingresso-al-castello.jpg\" class=\"attachment-thumbnail size-thumbnail\" alt=\"\" aria-describedby=\"gallery-2-1582\" \/><\/a>\n\t\t\t<\/dt>\n\t\t\t\t<dd class='wp-caption-text gallery-caption' id='gallery-2-1582'>\n\t\t\t\tEingang zum Schloss\n\t\t\t\t<\/dd><\/dl><dl class='gallery-item'>\n\t\t\t<dt class='gallery-icon landscape'>\n\t\t\t\t<a href='https:\/\/ecobnb.de\/blog\/2018\/09\/bled-sehenswuerdigkeiten\/castello\/#main'><img width=\"270\" height=\"200\" src=\"https:\/\/ecobnb.de\/blog\/app\/uploads\/sites\/4\/2018\/09\/castello.jpg\" class=\"attachment-thumbnail size-thumbnail\" alt=\"\" aria-describedby=\"gallery-2-1583\" \/><\/a>\n\t\t\t<\/dt>\n\t\t\t\t<dd class='wp-caption-text gallery-caption' id='gallery-2-1583'>\n\t\t\t\tBleds Schlosses\n\t\t\t\t<\/dd><\/dl><dl class='gallery-item'>\n\t\t\t<dt class='gallery-icon landscape'>\n\t\t\t\t<a href='https:\/\/ecobnb.de\/blog\/2018\/09\/bled-sehenswuerdigkeiten\/stamperia-270x200\/#main'><img width=\"270\" height=\"200\" src=\"https:\/\/ecobnb.de\/blog\/app\/uploads\/sites\/4\/2018\/09\/stamperia-270x200.jpg\" class=\"attachment-thumbnail size-thumbnail\" alt=\"Buchdruckerkunst des Schlosses\" aria-describedby=\"gallery-2-1584\" \/><\/a>\n\t\t\t<\/dt>\n\t\t\t\t<dd class='wp-caption-text gallery-caption' id='gallery-2-1584'>\n\t\t\t\tBuchdruckerkunst des Schlosses\n\t\t\t\t<\/dd><\/dl><br style=\"clear: both\" \/>\n\t\t<\/div>\n\n<p>Vom See steigen wir zum\u00a0<strong>Berggipfel<\/strong> durch einen sch\u00f6nen Weg unterhalb der Vegetation, welche\u00a0am Abend von vielen kleinen Lichten beleuchtet ist. Eine Stufe nach der anderen bietet der Weg immer neue und beeindruckende\u00a0Ansichten \u00fcber die Insel an.<\/p>\n<p>Eine <strong>Holzfallbr\u00fccke<\/strong> zeichnet den Eingang zum Schloss. Seine G\u00e4rten bieten eine atemberaubende Ansicht \u00fcber dem See, die umgebenden Berge und die ganze Region der Gorenjska, zwischen den schon schneebedeckten Alpen Giulie und die Caravanche Berggipfel eingeschlossen.<\/p>\n<p>Um zwei G\u00e4rten gibt es verschiedene Geb\u00e4ude. Im Vorhof gibt es eine alte <strong>Buchdruckerkunst<\/strong>, wo es noch m\u00f6glich ist, \u00fcber den Beruf der Buchdrucker etwas zu entdecken, und ein Gesch\u00e4ft von Bienenzucht, der Bienenkorb des Schlosses. Im h\u00f6heren Hof gibt es eine sch\u00f6ne Kapelle des 16. Jahrhunderts und ein Museum, das \u00a0Bleds Geschichte von\u00a0der Bronzezeit bis heute erz\u00e4hlt.<\/p>\n<p>Eine andere Kuriosit\u00e4t: Wer eine gastronomische und romantische Pause genie\u00dfen will, kann im \u00a0Schlossinnern einen Caf\u00e9 und ein Restaurant mit einer Aussichtsterrasse finden.<\/p>\n<h2>5. Eine gr\u00fcne Pause: vom Glamping bis zum biologischen Hotel<\/h2>\n<div id=\"attachment_1585\" class=\"thumbnail alignnone\"><a href=\"https:\/\/ecobnb.de\/blog\/app\/uploads\/sites\/4\/2018\/09\/glamping_ribno_hiska.jpg\"><img class=\"wp-image-1585 size-full\" src=\"https:\/\/ecobnb.de\/blog\/app\/uploads\/sites\/4\/2018\/09\/glamping_ribno_hiska.jpg\" alt=\"Holzhaus vom Bleds Glamping Ribno mitten in die Natur.\" width=\"1400\" height=\"875\" srcset=\"https:\/\/ecobnb.de\/blog\/app\/uploads\/sites\/4\/2018\/09\/glamping_ribno_hiska.jpg 1400w, https:\/\/ecobnb.de\/blog\/app\/uploads\/sites\/4\/2018\/09\/glamping_ribno_hiska-536x335.jpg 536w, https:\/\/ecobnb.de\/blog\/app\/uploads\/sites\/4\/2018\/09\/glamping_ribno_hiska-344x215.jpg 344w\" sizes=\"(max-width: 1400px) 100vw, 1400px\" \/><\/a><div class=\"caption\">Holzhaus vom Bleds Glamping Ribno mitten in die Natur.<\/div><\/div>\n\n\t\t<style type=\"text\/css\">\n\t\t\t#gallery-3 {\n\t\t\t\tmargin: auto;\n\t\t\t}\n\t\t\t#gallery-3 .gallery-item {\n\t\t\t\tfloat: left;\n\t\t\t\tmargin-top: 10px;\n\t\t\t\ttext-align: center;\n\t\t\t\twidth: 33%;\n\t\t\t}\n\t\t\t#gallery-3 img {\n\t\t\t\tborder: 2px solid #cfcfcf;\n\t\t\t}\n\t\t\t#gallery-3 .gallery-caption {\n\t\t\t\tmargin-left: 0;\n\t\t\t}\n\t\t\t\/* see gallery_shortcode() in wp-includes\/media.php *\/\n\t\t<\/style>\n\t\t<div id='gallery-3' class='gallery galleryid-1570 gallery-columns-3 gallery-size-thumbnail'><dl class='gallery-item'>\n\t\t\t<dt class='gallery-icon landscape'>\n\t\t\t\t<a href='https:\/\/ecobnb.de\/blog\/2018\/09\/bled-sehenswuerdigkeiten\/camp-bled-270x200\/#main'><img width=\"270\" height=\"200\" src=\"https:\/\/ecobnb.de\/blog\/app\/uploads\/sites\/4\/2018\/09\/camp-bled-270x200.jpg\" class=\"attachment-thumbnail size-thumbnail\" alt=\"\" aria-describedby=\"gallery-3-1586\" \/><\/a>\n\t\t\t<\/dt>\n\t\t\t\t<dd class='wp-caption-text gallery-caption' id='gallery-3-1586'>\n\t\t\t\tEco Camping im Bled\n\t\t\t\t<\/dd><\/dl><dl class='gallery-item'>\n\t\t\t<dt class='gallery-icon landscape'>\n\t\t\t\t<a href='https:\/\/ecobnb.de\/blog\/2018\/09\/bled-sehenswuerdigkeiten\/gv_bled_00503-270x200\/#main'><img width=\"270\" height=\"200\" src=\"https:\/\/ecobnb.de\/blog\/app\/uploads\/sites\/4\/2018\/09\/GV_BLED_00503-270x200.jpg\" class=\"attachment-thumbnail size-thumbnail\" alt=\"Glamping im Bled\" aria-describedby=\"gallery-3-1587\" \/><\/a>\n\t\t\t<\/dt>\n\t\t\t\t<dd class='wp-caption-text gallery-caption' id='gallery-3-1587'>\n\t\t\t\tGlamping im Bled\n\t\t\t\t<\/dd><\/dl><dl class='gallery-item'>\n\t\t\t<dt class='gallery-icon landscape'>\n\t\t\t\t<a href='https:\/\/ecobnb.de\/blog\/2018\/09\/bled-sehenswuerdigkeiten\/glamping\/#main'><img width=\"270\" height=\"200\" src=\"https:\/\/ecobnb.de\/blog\/app\/uploads\/sites\/4\/2018\/09\/glamping.jpg\" class=\"attachment-thumbnail size-thumbnail\" alt=\"Holzhause im Wald\" aria-describedby=\"gallery-3-1588\" \/><\/a>\n\t\t\t<\/dt>\n\t\t\t\t<dd class='wp-caption-text gallery-caption' id='gallery-3-1588'>\n\t\t\t\tHolzhause im Wald\n\t\t\t\t<\/dd><\/dl><br style=\"clear: both\" \/>\n\t\t<\/div>\n\n<p>Bled und ganz Slowenien sind ideal \u00a0f\u00fcr Liebhaber\u00a0des umweltfreundlichen Urlaubs. Vom <strong>Glamping<\/strong> in der Natur zum 5-Sterne Hotel gibt es\u00a0zahlreiche\u00a0<a href=\"https:\/\/ecobnb.de\/s\/Bled,+Radovljica,+Slovenia?guest=1&amp;bounds=46.38616%2C14.135301%2C46.344675%2C14.056593\" target=\"_blank\" rel=\"noopener\">green Angebote<\/a>\u00a0. Slowenien f\u00f6rdert\u00a0 dank dem Zeichen \u201eSlovenia Green\u201c die Umwelt. Die Besitzer werden\u00a0motiviert umweltfreundliche\u00a0Bestimmungen zu befolgen. Sie k\u00f6nnen auch eine internationale Umweltzertifizierung, wie zum Beispiel das <strong>europ\u00e4ische \u201eEcolabel\u201c, <\/strong>folgen.<\/p>\n<p>In Slowenien ist die Nachhaltigkeit ein wichtiger\u00a0Teil der nationalen Gesetzgebung. Das f\u00fchrte das Land zum 5. Platz im Umweltleistungsindex. K\u00fcrzlich wurde Slowenien von der Internationalen Organisation \u201eGreen Destinations\u201c als das erste gr\u00fcne Ziel in der Welt anerkannt, weil es 96% von 100 Nachhaltigkeitskriterien erf\u00fcllt. In wenigen Jahren konnte das Land den umweltfreundlichen Tourismus in einer erfolgreichen Nationalstrategie erreichen.<\/p>\n<div id=\"attachment_1589\" class=\"thumbnail alignnone\"><a href=\"https:\/\/ecobnb.de\/blog\/app\/uploads\/sites\/4\/2018\/09\/hotel-astoria-ristorante.jpg\"><img class=\"size-full wp-image-1589\" src=\"https:\/\/ecobnb.de\/blog\/app\/uploads\/sites\/4\/2018\/09\/hotel-astoria-ristorante.jpg\" alt=\"Tischchen und Restaurant von Hotel Astoria, Bled\" width=\"870\" height=\"490\" srcset=\"https:\/\/ecobnb.de\/blog\/app\/uploads\/sites\/4\/2018\/09\/hotel-astoria-ristorante.jpg 870w, https:\/\/ecobnb.de\/blog\/app\/uploads\/sites\/4\/2018\/09\/hotel-astoria-ristorante-536x302.jpg 536w, https:\/\/ecobnb.de\/blog\/app\/uploads\/sites\/4\/2018\/09\/hotel-astoria-ristorante-570x320.jpg 570w, https:\/\/ecobnb.de\/blog\/app\/uploads\/sites\/4\/2018\/09\/hotel-astoria-ristorante-344x194.jpg 344w\" sizes=\"(max-width: 870px) 100vw, 870px\" \/><\/a><div class=\"caption\">Tischchen und Restaurant von Hotel Astoria, Bled.<\/div><\/div>\n\n\t\t<style type=\"text\/css\">\n\t\t\t#gallery-4 {\n\t\t\t\tmargin: auto;\n\t\t\t}\n\t\t\t#gallery-4 .gallery-item {\n\t\t\t\tfloat: left;\n\t\t\t\tmargin-top: 10px;\n\t\t\t\ttext-align: center;\n\t\t\t\twidth: 33%;\n\t\t\t}\n\t\t\t#gallery-4 img {\n\t\t\t\tborder: 2px solid #cfcfcf;\n\t\t\t}\n\t\t\t#gallery-4 .gallery-caption {\n\t\t\t\tmargin-left: 0;\n\t\t\t}\n\t\t\t\/* see gallery_shortcode() in wp-includes\/media.php *\/\n\t\t<\/style>\n\t\t<div id='gallery-4' class='gallery galleryid-1570 gallery-columns-3 gallery-size-thumbnail'><dl class='gallery-item'>\n\t\t\t<dt class='gallery-icon landscape'>\n\t\t\t\t<a href='https:\/\/ecobnb.de\/blog\/2018\/09\/bled-sehenswuerdigkeiten\/hotel-astoria-bled-270x200\/#main'><img width=\"270\" height=\"200\" src=\"https:\/\/ecobnb.de\/blog\/app\/uploads\/sites\/4\/2018\/09\/hotel-astoria-bled-270x200.jpg\" class=\"attachment-thumbnail size-thumbnail\" alt=\"Wellness-Zentrum von Hotel Astoria\" aria-describedby=\"gallery-4-1593\" \/><\/a>\n\t\t\t<\/dt>\n\t\t\t\t<dd class='wp-caption-text gallery-caption' id='gallery-4-1593'>\n\t\t\t\tWellness-Zentrum von Hotel Astoria\n\t\t\t\t<\/dd><\/dl><dl class='gallery-item'>\n\t\t\t<dt class='gallery-icon landscape'>\n\t\t\t\t<a href='https:\/\/ecobnb.de\/blog\/2018\/09\/bled-sehenswuerdigkeiten\/piscina-astoria\/#main'><img width=\"270\" height=\"200\" src=\"https:\/\/ecobnb.de\/blog\/app\/uploads\/sites\/4\/2018\/09\/piscina-astoria.jpg\" class=\"attachment-thumbnail size-thumbnail\" alt=\"Bled Drau\u00dfen Hei\u00dfwasserschwimmbad, Hotel Astoria\" aria-describedby=\"gallery-4-1591\" \/><\/a>\n\t\t\t<\/dt>\n\t\t\t\t<dd class='wp-caption-text gallery-caption' id='gallery-4-1591'>\n\t\t\t\tBled Drau\u00dfen Hei\u00dfwasserschwimmbad, Hotel Astoria\n\t\t\t\t<\/dd><\/dl><dl class='gallery-item'>\n\t\t\t<dt class='gallery-icon landscape'>\n\t\t\t\t<a href='https:\/\/ecobnb.de\/blog\/2018\/09\/bled-sehenswuerdigkeiten\/camera-astoria\/#main'><img width=\"270\" height=\"200\" src=\"https:\/\/ecobnb.de\/blog\/app\/uploads\/sites\/4\/2018\/09\/camera-astoria.jpg\" class=\"attachment-thumbnail size-thumbnail\" alt=\"Zimmer im umweltfreundlichen Hotel Astoria, Bled\" aria-describedby=\"gallery-4-1590\" \/><\/a>\n\t\t\t<\/dt>\n\t\t\t\t<dd class='wp-caption-text gallery-caption' id='gallery-4-1590'>\n\t\t\t\tZimmer im umweltfreundlichen Hotel Astoria, Bled\n\t\t\t\t<\/dd><\/dl><br style=\"clear: both\" \/>\n\t\t<\/div>\n\n<p>Wir haben uns im\u00a0<a href=\"https:\/\/ecobnb.de\/SI-bled\/hotel\/astoria-bled\/BjnZR\" target=\"_blank\" rel=\"noopener\">Hotel Astoria<\/a> aufgehalten. Es befindet sich\u00a0im Herzen von Bled und hat eine lange Geschichte hinter sich. Nach dem Zweiten Weltkrieg wurde es von Soldaten besetzt und nach dem Zerfall Jugoslawiens wurde es vom slowenischen <strong>Ministerium f\u00fcr Bildung und Sport<\/strong> gekauft. Seit 2014 hat das Ministerium \u00a0das Hotel ganz renoviert und \u00a0Vieles in der Nachhaltigkeit investiert.<\/p>\n<p>Im 2016 hat das Hotel das europ\u00e4ische \u201eEcolabel\u201c bekommen und \u00a0viel in <strong>neuen Technologien<\/strong> investiert, um seine Umweltbelastung m\u00f6glichst gering zu halten. Von der Wiederverwendung des Regenwassers, das f\u00fcr den Garten und das Abwasser der Toiletten benutzt wird, zur Solaren-Energie um das Wasser und das Wellness-Zentrum zu w\u00e4rmen. Alle Lichter sind energiesparend und die H\u00e4hne haben einen Flussminderer (der den Wasserfluss nicht mehr\u00a0als 8 Liter per Minute reduziert).<\/p>\n<p><strong>Der M\u00fcll<\/strong> wird auch mit\u00a0der Hilfe der G\u00e4ste in Plastik, Papier, Glas, Dosen, organisch getrennt. Alle Einwegprodukte werden beseitigt. In den Toiletten hat das Hotel f\u00fcr nat\u00fcrliche und hochwertige Shampoos und Reinigungsmittel f\u00fcr\u00a0Automaten entschieden \u201eWir sorgten die\u00a0Verpackung der Seifen zu verringern, der gr\u00f6\u00dfte Teil unserer G\u00e4ste war mit der Qualit\u00e4t unserer Seifen doch zufrieden.\u201c Erz\u00e4hlte uns <strong>Sabina, die Managerin<\/strong> des Hotels. Was z\u00e4hlt ist die Substanz, mehr als die Form. Au\u00dferdem reduzierten sich\u00a0dank dieser guten Routinen in den letzten 2 Jahren die Abfallstoffe um 35% .<\/p>\n<p><strong>Die Energie<\/strong> des Hotels ist 100% sauber und erneuerbar. \u201eWir laden\u00a0unsere G\u00e4ste ein, die \u00f6ffentlichen Verkehrsmittel zu benutzen, wir k\u00f6nnen sie zum\u00a0Bahnhof bringen und \u00a0bieten einen kostenlosen Verleih von Fahrr\u00e4dern an.\u201c erz\u00e4hlt\u00a0Sabina.<\/p>\n<p>\u201eWir schlagen unseren G\u00e4sten lokale Produkte und <strong>biologisches Essen\u00a0<\/strong>vor. Wir arbeiten mit lokalen Bauern zusammen, die eigene\u00a0Marmeladen sowie\u00a0unglaublich leckere Butter herstellen. Diese\u00a0sind die\u00a0Gr\u00fcnde, welche die G\u00e4ste sch\u00e4tzen.\u201c<\/p>\n<p>\u201eDas Hotel geh\u00f6rt zum Ministerium, sodass mehr als 200 Studenten dort ein <strong>Praktikum<\/strong> machen. Es ist wichtig, dass sie durch diese praktische Erfahrung \u00fcber dem Thema der Nachhaltigkeit das Bewusstsein erwecken. Auf diese Weise werden sie es benutzen, um ihre zuk\u00fcnftige Hotelbetriebe umweltfreundlicher zu machen.\u201c<\/p>\n<p>Sabine sagt die Herausforderung sei: Die guten\u00a0<strong>\u00f6kologischen Routinen <\/strong>soweit wie<strong>\u00a0<\/strong>\u00a0m\u00f6glich zu verbreiten, um die Qualit\u00e4t,\u00a0sowie die Nachhaltigkeit, der slowenischen Beherbergungsbetriebe noch weiter zu erh\u00f6hen.<\/p>\n<p>In Bled fehlen die \u00f6kologische Gastfreundschaft\u00a0Vorschl\u00e4ge\u00a0sicherlich nicht und sie sind dazu \u00a0wirklich bezaubernd. Sicherlich empfehlen wir Ihnen einen Halt im Hotel Astoria, wegen\u00a0seiner strategischen Position im Herzen von Bled, die Fahrr\u00e4der f\u00fcr die G\u00e4ste, das sch\u00f6ne Wellness-Zentrum (mit Sauna, Unterwassermassage, Dampfbad) und das reiche Buffetfr\u00fchst\u00fcck mit leckeren Vorschl\u00e4gen direkt vom Feld auf den Tisch, wie Gem\u00fcsesmoothies, Brot, K\u00e4se und Marmeladen.<\/p>\n<h2>6. Bled, eine\u00a0Stadt zum Wohnen ohne Auto<\/h2>\n<div id=\"attachment_1594\" class=\"thumbnail alignnone\"><a href=\"https:\/\/ecobnb.de\/blog\/app\/uploads\/sites\/4\/2018\/09\/noleggio-biciclette.jpg\"><img class=\"size-full wp-image-1594\" src=\"https:\/\/ecobnb.de\/blog\/app\/uploads\/sites\/4\/2018\/09\/noleggio-biciclette.jpg\" alt=\"Verleih von Fahrr\u00e4dern in der N\u00e4he vom Camping, Foto von Silvia Ombellini\" width=\"870\" height=\"490\" srcset=\"https:\/\/ecobnb.de\/blog\/app\/uploads\/sites\/4\/2018\/09\/noleggio-biciclette.jpg 870w, https:\/\/ecobnb.de\/blog\/app\/uploads\/sites\/4\/2018\/09\/noleggio-biciclette-536x302.jpg 536w, https:\/\/ecobnb.de\/blog\/app\/uploads\/sites\/4\/2018\/09\/noleggio-biciclette-570x320.jpg 570w, https:\/\/ecobnb.de\/blog\/app\/uploads\/sites\/4\/2018\/09\/noleggio-biciclette-344x194.jpg 344w\" sizes=\"(max-width: 870px) 100vw, 870px\" \/><\/a><div class=\"caption\">Verleih von Fahrr\u00e4dern in der N\u00e4he vom Camping, Foto von Silvia Ombellini.<\/div><\/div>\n<p>\u201eWenn wir eine Stadt f\u00fcr die Autos planen, haben wir Autos. Wenn wir eine Stadt f\u00fcr Menschen\u00a0planen, haben wir Menschen.\u201c Diese \u00c4u\u00dferung von <strong>Bleds Mobilit\u00e4tsleiter<\/strong> hat mich wirklich beeindruckt. Die Stadt zusammen mit 15 anderen slowenischen Gemeindeverwaltungen hat eine Planung f\u00fcr die umweltfreundliche Beweglichkeit ergriffen, welche die slowenische Regierung durch eine Finanzierung unterst\u00fctzt hat.<\/p>\n<p>Die Planungsidee ist es den ganzen Autoverkehr von Bleds Zentrums <strong>wegzuschaffen<\/strong> und eine Stra\u00dfe sowie einen Parkplatz und \u00f6ffentliche Fu\u00dfg\u00e4ngerzonen zu schaffen . Der Projekt hat schon angefangen: Die Stra\u00dfe n\u00f6rdlich des Sees wird schon zu einer ganzen Fu\u00dfg\u00e4ngerzone.<\/p>\n<p>Um wirklich diese \u00c4nderung zu realisieren, haben die Projektsteurer mit der Daten Analyse angefangen: 7.000 Bewohner und 7.000 touristische Bettplatze. Dann haben sie die Bewohner, die Reiseveranstalter und die Studenten durch Workshops und Umfragen eingebracht.<\/p>\n<p>Auf diese Weise wird eine <strong>allgemeine Vision<\/strong> von Bled errichtet: eine Stadt f\u00fcr Fahrr\u00e4der und Personen. Bled geh\u00f6rt zu den alpinen Perlen, welches \u00a0Ziel es ist im umweltfreundlichen Tourismus der\u00a0Alpen zu investieren.<\/p>\n<h2>7. Wein Verkostung am\u00a0St. Martins Tag<\/h2>\n<div id=\"attachment_1595\" class=\"thumbnail alignnone\"><a href=\"https:\/\/ecobnb.de\/blog\/app\/uploads\/sites\/4\/2018\/09\/vino-870x490.jpg\"><img class=\"size-full wp-image-1595\" src=\"https:\/\/ecobnb.de\/blog\/app\/uploads\/sites\/4\/2018\/09\/vino-870x490.jpg\" alt=\"Wein Kostprobe w\u00e4hrend St. Martins Tages im Bled\" width=\"870\" height=\"490\" srcset=\"https:\/\/ecobnb.de\/blog\/app\/uploads\/sites\/4\/2018\/09\/vino-870x490.jpg 870w, https:\/\/ecobnb.de\/blog\/app\/uploads\/sites\/4\/2018\/09\/vino-870x490-536x302.jpg 536w, https:\/\/ecobnb.de\/blog\/app\/uploads\/sites\/4\/2018\/09\/vino-870x490-570x320.jpg 570w, https:\/\/ecobnb.de\/blog\/app\/uploads\/sites\/4\/2018\/09\/vino-870x490-344x194.jpg 344w\" sizes=\"(max-width: 870px) 100vw, 870px\" \/><\/a><div class=\"caption\">Wein Kostprobe w\u00e4hrend St. Martins Tages im Bled.<\/div><\/div>\n<p>Man sagt, dass man auf <strong>St. Martins Tages<\/strong> warten muss, wenn man\u00a0einen guten Wein \u00a0probieren will. Der slowenischen b\u00e4uerlichen Tradition nach ist der 11. November eigentlich der\u00a0richtigen Moment, um die Neuweinf\u00e4sser zu \u00f6ffnen. St. Martin ist ein wichtiger Tag f\u00fcr alle landwirtschaftlichen Gebiete\u00a0mit Weinproduktion. Denken wir zum Beispiel an die tiefe Bindung mit dem nahen\u00a0Karnien, im Friaul Julien Venetien , \u00a0und ihre \u201eOsmize\u201c Feier. Am St. Martins Tages \u00f6ffnen die Bauern von Bled die F\u00e4sser f\u00fcr die ersten Kostproben und bieten Weinverkostungen der vergangenen Jahre an.<\/p>\n<p>Wer am St. Martins Tag Bled besucht, kann an diesen\u00a0<strong>besonderen Moment<\/strong> teilnehmen. Ein bescheidenes Fest am\u00a0See Ufer, begleitet mit\u00a0traditioneller Musik und Lieder, wo die Winzer ihre besten Weinflaschen bringen und\u00a0Weinverkostungen typischer Produkten anbieten. Die Kleinen k\u00f6nnen sich auch freuen, da es viele Tiere gibt. Auch wir haben ein kleines Pony gekrault, w\u00e4hrend es in der Mitte des Parks spazierte.<\/p>\n<div id=\"attachment_1596\" class=\"thumbnail alignnone\"><a href=\"https:\/\/ecobnb.de\/blog\/app\/uploads\/sites\/4\/2018\/09\/pony.jpg\"><img class=\"size-full wp-image-1596\" src=\"https:\/\/ecobnb.de\/blog\/app\/uploads\/sites\/4\/2018\/09\/pony.jpg\" alt=\"Kleines Pony im Bleds Parks, Foto von Silvia Ombellini \" width=\"870\" height=\"490\" srcset=\"https:\/\/ecobnb.de\/blog\/app\/uploads\/sites\/4\/2018\/09\/pony.jpg 870w, https:\/\/ecobnb.de\/blog\/app\/uploads\/sites\/4\/2018\/09\/pony-536x302.jpg 536w, https:\/\/ecobnb.de\/blog\/app\/uploads\/sites\/4\/2018\/09\/pony-570x320.jpg 570w, https:\/\/ecobnb.de\/blog\/app\/uploads\/sites\/4\/2018\/09\/pony-344x194.jpg 344w\" sizes=\"(max-width: 870px) 100vw, 870px\" \/><\/a><div class=\"caption\">Kleines Pony im Bleds Parks, Foto von Silvia Ombellini.<\/div><\/div>\n<p>Es gibt auch viele Feiertage und \u00a0<strong>folkloristischen Momente<\/strong>, um die traditionellen Trachten, die Musik und die festliche Atmosph\u00e4re zu entdecken. Man soll\u00a0das <a href=\"https:\/\/www.festival-okarina.si\/en\/\" target=\"_blank\" rel=\"noopener\">Okarina Festival<\/a>\u00a0nicht verpassen, welches alle\u00a0Jahre im Juli und August stattfindet, sowie den beeindruckenden Weihnachtsmarkt an den Ufern des Sees entlang.<\/p>\n<h2>8. Biodiversit\u00e4t und alpine Landschaften erkunden<\/h2>\n<div id=\"attachment_1597\" class=\"thumbnail alignnone\"><a href=\"https:\/\/ecobnb.de\/blog\/app\/uploads\/sites\/4\/2018\/09\/Triglav-1381465-pxhere-870x490.jpg\"><img class=\"size-full wp-image-1597\" src=\"https:\/\/ecobnb.de\/blog\/app\/uploads\/sites\/4\/2018\/09\/Triglav-1381465-pxhere-870x490.jpg\" alt=\"Triglav Naturpark im Slowenien, nur wenige Kilometer von Bled entfernt, Foto via pxhere\" width=\"870\" height=\"490\" srcset=\"https:\/\/ecobnb.de\/blog\/app\/uploads\/sites\/4\/2018\/09\/Triglav-1381465-pxhere-870x490.jpg 870w, https:\/\/ecobnb.de\/blog\/app\/uploads\/sites\/4\/2018\/09\/Triglav-1381465-pxhere-870x490-536x302.jpg 536w, https:\/\/ecobnb.de\/blog\/app\/uploads\/sites\/4\/2018\/09\/Triglav-1381465-pxhere-870x490-570x320.jpg 570w, https:\/\/ecobnb.de\/blog\/app\/uploads\/sites\/4\/2018\/09\/Triglav-1381465-pxhere-870x490-344x194.jpg 344w\" sizes=\"(max-width: 870px) 100vw, 870px\" \/><\/a><div class=\"caption\">Triglav Naturpark im Slowenien, nur wenige Kilometer von Bled entfernt, Foto via pxhere.<\/div><\/div>\n\n\t\t<style type=\"text\/css\">\n\t\t\t#gallery-5 {\n\t\t\t\tmargin: auto;\n\t\t\t}\n\t\t\t#gallery-5 .gallery-item {\n\t\t\t\tfloat: left;\n\t\t\t\tmargin-top: 10px;\n\t\t\t\ttext-align: center;\n\t\t\t\twidth: 33%;\n\t\t\t}\n\t\t\t#gallery-5 img {\n\t\t\t\tborder: 2px solid #cfcfcf;\n\t\t\t}\n\t\t\t#gallery-5 .gallery-caption {\n\t\t\t\tmargin-left: 0;\n\t\t\t}\n\t\t\t\/* see gallery_shortcode() in wp-includes\/media.php *\/\n\t\t<\/style>\n\t\t<div id='gallery-5' class='gallery galleryid-1570 gallery-columns-3 gallery-size-thumbnail'><dl class='gallery-item'>\n\t\t\t<dt class='gallery-icon landscape'>\n\t\t\t\t<a href='https:\/\/ecobnb.de\/blog\/2018\/09\/bled-sehenswuerdigkeiten\/mostra-bled-270x200\/#main'><img width=\"270\" height=\"200\" src=\"https:\/\/ecobnb.de\/blog\/app\/uploads\/sites\/4\/2018\/09\/mostra-bled-270x200.jpg\" class=\"attachment-thumbnail size-thumbnail\" alt=\"Ausstellung \u00fcber Landschaft und Biodiversit\u00e4t im Bleds Informationszentrums\" aria-describedby=\"gallery-5-1598\" \/><\/a>\n\t\t\t<\/dt>\n\t\t\t\t<dd class='wp-caption-text gallery-caption' id='gallery-5-1598'>\n\t\t\t\tAusstellung \u00fcber Landschaft und Biodiversit\u00e4t im Bleds Informationszentrums\n\t\t\t\t<\/dd><\/dl><dl class='gallery-item'>\n\t\t\t<dt class='gallery-icon landscape'>\n\t\t\t\t<a href='https:\/\/ecobnb.de\/blog\/2018\/09\/bled-sehenswuerdigkeiten\/mostra\/#main'><img width=\"270\" height=\"200\" src=\"https:\/\/ecobnb.de\/blog\/app\/uploads\/sites\/4\/2018\/09\/mostra.jpg\" class=\"attachment-thumbnail size-thumbnail\" alt=\"Ausstellung \u00fcber Landschaft und Biodiversit\u00e4t im Bleds Informationszentrums\" \/><\/a>\n\t\t\t<\/dt><\/dl><dl class='gallery-item'>\n\t\t\t<dt class='gallery-icon landscape'>\n\t\t\t\t<a href='https:\/\/ecobnb.de\/blog\/2018\/09\/bled-sehenswuerdigkeiten\/mostra-bled\/#main'><img width=\"270\" height=\"200\" src=\"https:\/\/ecobnb.de\/blog\/app\/uploads\/sites\/4\/2018\/09\/mostra-bled.jpg\" class=\"attachment-thumbnail size-thumbnail\" alt=\"\" \/><\/a>\n\t\t\t<\/dt><\/dl><br style=\"clear: both\" \/>\n\t\t<\/div>\n\n<p>Die wichtigsten Haustiere in den Alpen sind nicht die K\u00fche, wie man denken m\u00f6chte, sondern die Bienen. Die entscheidenden Tiere f\u00fcr die Biodiversit\u00e4t der alpinen L\u00e4nden sind nicht die B\u00e4re, sondern die Ameisen.<\/p>\n<p>Die Wichtigkeit der <strong>Biodiversit\u00e4t und die Rolle der Tiere<\/strong> in den\u00a0Alpen (vor allem die Kleinsten, wie die Insekten) sind in einer sch\u00f6nen\u00a0<strong>interaktiven Ausstellung<\/strong> im Informationszentrum \u201eVisitor Centre Triglavska Ro\u017ea\u201c beschrieben. Durch Bilder, interaktive Boxen und Erkl\u00e4rungen wird das Verh\u00e4ltnis zwischen \u00a0Biodiversit\u00e4t, \u00a0Landschaft, Geschichte (z.B.: die Beziehungen mit \u00d6sterreich und die italienischen Provinzen von Brescia und Bergamo) und \u00a0lokale Traditionen erl\u00e4utert. Ein eindrucksvolles \u00a08-Minuten-langes Video erz\u00e4hlt die Sch\u00f6nheiten der umgebenden alpinen Landschaft.<\/p>\n<h2>9. Erkunden der\u00a0Sehensw\u00fcrdigkeiten des Triglav Naturparks<\/h2>\n<div id=\"attachment_1601\" class=\"thumbnail alignnone\"><a href=\"https:\/\/ecobnb.de\/blog\/app\/uploads\/sites\/4\/2018\/09\/Lipanca-razgled4Triglav-870x490.jpg\"><img class=\"size-full wp-image-1601\" src=\"https:\/\/ecobnb.de\/blog\/app\/uploads\/sites\/4\/2018\/09\/Lipanca-razgled4Triglav-870x490.jpg\" alt=\"Anblick des schneebedeckten Triglav Berges, Foto von \u017diga, via Wikimedia\" width=\"870\" height=\"490\" srcset=\"https:\/\/ecobnb.de\/blog\/app\/uploads\/sites\/4\/2018\/09\/Lipanca-razgled4Triglav-870x490.jpg 870w, https:\/\/ecobnb.de\/blog\/app\/uploads\/sites\/4\/2018\/09\/Lipanca-razgled4Triglav-870x490-536x302.jpg 536w, https:\/\/ecobnb.de\/blog\/app\/uploads\/sites\/4\/2018\/09\/Lipanca-razgled4Triglav-870x490-570x320.jpg 570w, https:\/\/ecobnb.de\/blog\/app\/uploads\/sites\/4\/2018\/09\/Lipanca-razgled4Triglav-870x490-344x194.jpg 344w\" sizes=\"(max-width: 870px) 100vw, 870px\" \/><\/a><div class=\"caption\">Anblick des schneebedeckten Triglav Berges, Foto von \u017diga, via Wikimedia.<\/div><\/div>\n<p>Zu den\u00a0Natursch\u00f6nheiten geh\u00f6rt \u00a0Bled, welches sich\u00a0am Rande des <strong>Triglav Nationalparks<\/strong>, der einzige Nationalpark von Slowenien befindet und welcher die Alpen Giulie einschliesst. Bled ist ein\u00a0idealer Anfangspunkt, um den Triglav Park zu erreichen: Besonders sch\u00f6n sind die Vintgar Felsschlucht, das Pokljuka Hochland und der Bohinj See, eine weitere alpine Perle.<br \/>\nIm <strong>Winter<\/strong> verwandeln sich diese Landschaften in ein wahres Paradies f\u00fcr Liebhaber des\u00a0Schneesports vom Schneeschuhlaufen bis zum Skifahren.<\/p>\n<h2>10. In den nat\u00fcrlichen Heilb\u00e4der eintauchen<\/h2>\n<div id=\"attachment_1602\" class=\"thumbnail alignnone\"><a href=\"https:\/\/ecobnb.de\/blog\/app\/uploads\/sites\/4\/2018\/09\/terme-naturali-870x490.jpg\"><img class=\"size-full wp-image-1602\" src=\"https:\/\/ecobnb.de\/blog\/app\/uploads\/sites\/4\/2018\/09\/terme-naturali-870x490.jpg\" alt=\"Nat\u00fcrliche Helib\u00e4der, Foto von Seth Doyle, via Unsplash\" width=\"870\" height=\"490\" srcset=\"https:\/\/ecobnb.de\/blog\/app\/uploads\/sites\/4\/2018\/09\/terme-naturali-870x490.jpg 870w, https:\/\/ecobnb.de\/blog\/app\/uploads\/sites\/4\/2018\/09\/terme-naturali-870x490-536x302.jpg 536w, https:\/\/ecobnb.de\/blog\/app\/uploads\/sites\/4\/2018\/09\/terme-naturali-870x490-570x320.jpg 570w, https:\/\/ecobnb.de\/blog\/app\/uploads\/sites\/4\/2018\/09\/terme-naturali-870x490-344x194.jpg 344w\" sizes=\"(max-width: 870px) 100vw, 870px\" \/><\/a><div class=\"caption\">Nat\u00fcrliche Helib\u00e4der, Foto von Seth Doyle, via Unsplash.<\/div><\/div>\n<p>Wer die warmen D\u00e4mpfe der <strong>Heilb\u00e4der\u00a0<\/strong>bevorzugt \u00a0muss wissen, dass fr\u00fcher in der N\u00e4he vom\u00a0 See 7 Thermalquellen flossen. Heutzutage existieren\u00a0nur noch 4 dieser Quellen, die sich im Halbkreis um den See befinden\u00a0und zu 3 Heilb\u00e4dern geleitet werden.<\/p>\n<p>Tauchen Sie in den\u00a0 Heilb\u00e4dern vom \u017diva Wellness-Zentrum ein und geniessen Sie das\u00a0 31\u00b0 warme\u00a0Wasser und \u00fcberwinden Sie somit den Stress und die M\u00fcdigkeit. Man kann sich auch f\u00fcr die Heilb\u00e4der des Toplice Grand Hotels entscheiden, wo das 22\u00b0 warme Thermalwasser herausquellt, und somit <strong>Vorteile\u00a0<\/strong>f\u00fcr \u00a0den kardiovaskul\u00e4ren Apparat, den Magen und dem Nervensystem anbietet. Am Park Gasthof kann man Heilb\u00e4der (mit 27\u00b0 Thermalwasser) und <strong>entspannende Momenten<\/strong> in der Aussichtsterrasse alternieren.<\/p>\n<h4>Diese Artikel k\u00f6nnten dich auch interessieren:<\/h4>\n<h4><a href=\"https:\/\/ecobnb.de\/blog\/2017\/06\/parks-gaerten-romantische-nacht-italien\/\" target=\"_blank\" rel=\"noopener\">10 unvergessliche Parks und G\u00e4rten, f\u00fcr eine romantische Nacht in Italien<\/a><\/h4>\n<h4><a href=\"https:\/\/ecobnb.de\/blog\/2016\/02\/labyrinthen_italiens\/\" target=\"_blank\" rel=\"noopener\">Verirren Sie sich in den eindrucksvollsten Labyrinthen Italiens<\/a><\/h4>\n<h4><a title=\"Free Spa? Top 5 Italy Hot Springs to visit\" href=\"https:\/\/ecobnb.de\/blog\/2015\/11\/tolle-baumhauser-hotels-italien\/\" target=\"_blank\" rel=\"noopener\">Drei tolle Baumh\u00e4user (und Hotels) in Italien<\/a><\/h4>\n","protected":false},"excerpt":{"rendered":"<p>Eine in der Zeit eingefrorene Atmosph\u00e4re. Stille Schneelandschaften. Ein romantisches Schloss, wo alte Legenden und moderne Seifenopern zusammenleben. Ein Kahnf\u00fchrer erz\u00e4hlt uns die lokalen Sagen, w\u00e4hrend er uns zum bezauberten Inselchen in der Mitte des Sees bringt. Bled ist das perfekte Ziel f\u00fcr umweltfreundliche Touristen: nach Lonely Planet 2018 ist es\u00a0die dritte Stadt in der [&hellip;]<\/p>\n","protected":false},"author":54,"featured_media":1572,"comment_status":"closed","ping_status":"open","sticky":false,"template":"","format":"standard","meta":[],"categories":[44],"tags":[139,140,164,77,50],"acf":[],"yoast_head":"<!-- This site is optimized with the Yoast SEO plugin v19.9 - https:\/\/yoast.com\/wordpress\/plugins\/seo\/ -->\n<title>Bled: 10 Sehensw\u00fcrdigkeiten der slowenische Perle - Ecobnb<\/title>\n<meta name=\"description\" content=\"Bled ist das perfekte Ziel f\u00fcr umweltfreundliche Reisende. Diese sind die 10 Erfahrungen, die Sie in dieser alpinen Perle einfach ausprobieren m\u00fcssen.\" \/>\n<meta name=\"robots\" content=\"index, follow, max-snippet:-1, max-image-preview:large, max-video-preview:-1\" \/>\n<link rel=\"canonical\" href=\"https:\/\/ecobnb.de\/blog\/2018\/09\/bled-sehenswuerdigkeiten\/\" \/>\n<meta property=\"og:locale\" content=\"de_DE\" \/>\n<meta property=\"og:type\" content=\"article\" \/>\n<meta property=\"og:title\" content=\"Bled: 10 Sehensw\u00fcrdigkeiten der slowenische Perle - Ecobnb\" \/>\n<meta property=\"og:description\" content=\"Bled ist das perfekte Ziel f\u00fcr umweltfreundliche Reisende. Diese sind die 10 Erfahrungen, die Sie in dieser alpinen Perle einfach ausprobieren m\u00fcssen.\" \/>\n<meta property=\"og:url\" content=\"https:\/\/ecobnb.de\/blog\/2018\/09\/bled-sehenswuerdigkeiten\/\" \/>\n<meta property=\"og:site_name\" content=\"Ecobnb\" \/>\n<meta property=\"article:published_time\" content=\"2018-09-10T12:55:52+00:00\" \/>\n<meta property=\"article:modified_time\" content=\"2020-11-11T08:32:57+00:00\" \/>\n<meta property=\"og:image\" content=\"https:\/\/ecobnb.de\/blog\/app\/uploads\/sites\/4\/2018\/09\/Bled_slovenia_paesaggio-mozzafiato-copertina.jpg\" \/>\n\t<meta property=\"og:image:width\" content=\"1170\" \/>\n\t<meta property=\"og:image:height\" content=\"490\" \/>\n\t<meta property=\"og:image:type\" content=\"image\/jpeg\" \/>\n<meta name=\"author\" content=\"Elisa Anardu\" \/>\n<meta name=\"twitter:card\" content=\"summary_large_image\" \/>\n<meta name=\"twitter:label1\" content=\"Written by\" \/>\n\t<meta name=\"twitter:data1\" content=\"Elisa Anardu\" \/>\n\t<meta name=\"twitter:label2\" content=\"Est. reading time\" \/>\n\t<meta name=\"twitter:data2\" content=\"15 minutes\" \/>\n<!-- \/ Yoast SEO plugin. -->","yoast_head_json":{"title":"Bled: 10 Sehensw\u00fcrdigkeiten der slowenische Perle - Ecobnb","description":"Bled ist das perfekte Ziel f\u00fcr umweltfreundliche Reisende. Diese sind die 10 Erfahrungen, die Sie in dieser alpinen Perle einfach ausprobieren m\u00fcssen.","robots":{"index":"index","follow":"follow","max-snippet":"max-snippet:-1","max-image-preview":"max-image-preview:large","max-video-preview":"max-video-preview:-1"},"canonical":"https:\/\/ecobnb.de\/blog\/2018\/09\/bled-sehenswuerdigkeiten\/","og_locale":"de_DE","og_type":"article","og_title":"Bled: 10 Sehensw\u00fcrdigkeiten der slowenische Perle - Ecobnb","og_description":"Bled ist das perfekte Ziel f\u00fcr umweltfreundliche Reisende. Diese sind die 10 Erfahrungen, die Sie in dieser alpinen Perle einfach ausprobieren m\u00fcssen.","og_url":"https:\/\/ecobnb.de\/blog\/2018\/09\/bled-sehenswuerdigkeiten\/","og_site_name":"Ecobnb","article_published_time":"2018-09-10T12:55:52+00:00","article_modified_time":"2020-11-11T08:32:57+00:00","og_image":[{"width":1170,"height":490,"url":"https:\/\/ecobnb.de\/blog\/app\/uploads\/sites\/4\/2018\/09\/Bled_slovenia_paesaggio-mozzafiato-copertina.jpg","type":"image\/jpeg"}],"author":"Elisa Anardu","twitter_card":"summary_large_image","twitter_misc":{"Written by":"Elisa Anardu","Est. reading time":"15 minutes"},"schema":{"@context":"https:\/\/schema.org","@graph":[{"@type":"WebPage","@id":"https:\/\/ecobnb.de\/blog\/2018\/09\/bled-sehenswuerdigkeiten\/","url":"https:\/\/ecobnb.de\/blog\/2018\/09\/bled-sehenswuerdigkeiten\/","name":"Bled: 10 Sehensw\u00fcrdigkeiten der slowenische Perle - Ecobnb","isPartOf":{"@id":"https:\/\/ecobnb.de\/blog\/#website"},"datePublished":"2018-09-10T12:55:52+00:00","dateModified":"2020-11-11T08:32:57+00:00","author":{"@id":"https:\/\/ecobnb.de\/blog\/#\/schema\/person\/7647b3e006e47310af832ddc7cb1a7ff"},"description":"Bled ist das perfekte Ziel f\u00fcr umweltfreundliche Reisende. Diese sind die 10 Erfahrungen, die Sie in dieser alpinen Perle einfach ausprobieren m\u00fcssen.","breadcrumb":{"@id":"https:\/\/ecobnb.de\/blog\/2018\/09\/bled-sehenswuerdigkeiten\/#breadcrumb"},"inLanguage":"de-DE","potentialAction":[{"@type":"ReadAction","target":["https:\/\/ecobnb.de\/blog\/2018\/09\/bled-sehenswuerdigkeiten\/"]}]},{"@type":"BreadcrumbList","@id":"https:\/\/ecobnb.de\/blog\/2018\/09\/bled-sehenswuerdigkeiten\/#breadcrumb","itemListElement":[{"@type":"ListItem","position":1,"name":"Home","item":"https:\/\/ecobnb.de\/blog\/"},{"@type":"ListItem","position":2,"name":"Bled: 10 Sehensw\u00fcrdigkeiten der slowenischen Perle"}]},{"@type":"WebSite","@id":"https:\/\/ecobnb.de\/blog\/#website","url":"https:\/\/ecobnb.de\/blog\/","name":"Ecobnb","description":"Find sustainable accommodation","potentialAction":[{"@type":"SearchAction","target":{"@type":"EntryPoint","urlTemplate":"https:\/\/ecobnb.de\/blog\/?s={search_term_string}"},"query-input":"required name=search_term_string"}],"inLanguage":"de-DE"},{"@type":"Person","@id":"https:\/\/ecobnb.de\/blog\/#\/schema\/person\/7647b3e006e47310af832ddc7cb1a7ff","name":"Elisa Anardu","image":{"@type":"ImageObject","inLanguage":"de-DE","@id":"https:\/\/ecobnb.de\/blog\/#\/schema\/person\/image\/","url":"https:\/\/secure.gravatar.com\/avatar\/abd03f1a51ceabf20877a6de6e84337a?s=96&d=monsterid&r=g","contentUrl":"https:\/\/secure.gravatar.com\/avatar\/abd03f1a51ceabf20877a6de6e84337a?s=96&d=monsterid&r=g","caption":"Elisa Anardu"},"description":"\u201cTravel and respect nature\u201d, \u201cTravel opens your mind\u201d and \u201cTravel to find yourself\u201d! That\u2019s why I have traveled a lot the world with a special preference for Canary Islands, South America and my loved home Italy! I am translator, blog writer, work in web marketing and I am mother of three children. My passions are eco-friendly travels, photography and tell then what I experience \u2026.I love nature and animals and for that reason my dog is always coming with me!","url":"https:\/\/ecobnb.de\/blog\/author\/elisa\/"}]}},"_links":{"self":[{"href":"https:\/\/ecobnb.de\/blog\/wp-json\/wp\/v2\/posts\/1570"}],"collection":[{"href":"https:\/\/ecobnb.de\/blog\/wp-json\/wp\/v2\/posts"}],"about":[{"href":"https:\/\/ecobnb.de\/blog\/wp-json\/wp\/v2\/types\/post"}],"author":[{"embeddable":true,"href":"https:\/\/ecobnb.de\/blog\/wp-json\/wp\/v2\/users\/54"}],"replies":[{"embeddable":true,"href":"https:\/\/ecobnb.de\/blog\/wp-json\/wp\/v2\/comments?post=1570"}],"version-history":[{"count":13,"href":"https:\/\/ecobnb.de\/blog\/wp-json\/wp\/v2\/posts\/1570\/revisions"}],"predecessor-version":[{"id":2646,"href":"https:\/\/ecobnb.de\/blog\/wp-json\/wp\/v2\/posts\/1570\/revisions\/2646"}],"wp:featuredmedia":[{"embeddable":true,"href":"https:\/\/ecobnb.de\/blog\/wp-json\/wp\/v2\/media\/1572"}],"wp:attachment":[{"href":"https:\/\/ecobnb.de\/blog\/wp-json\/wp\/v2\/media?parent=1570"}],"wp:term":[{"taxonomy":"category","embeddable":true,"href":"https:\/\/ecobnb.de\/blog\/wp-json\/wp\/v2\/categories?post=1570"},{"taxonomy":"post_tag","embeddable":true,"href":"https:\/\/ecobnb.de\/blog\/wp-json\/wp\/v2\/tags?post=1570"}],"curies":[{"name":"wp","href":"https:\/\/api.w.org\/{rel}","templated":true}]}}