{"id":371,"date":"2016-02-17T16:19:58","date_gmt":"2016-02-17T15:19:58","guid":{"rendered":"https:\/\/ecobnb.de\/blog\/?p=371"},"modified":"2017-03-17T10:17:20","modified_gmt":"2017-03-17T09:17:20","slug":"leuchtturm-europas","status":"publish","type":"post","link":"https:\/\/ecobnb.de\/blog\/2016\/02\/leuchtturm-europas\/","title":{"rendered":"In einem Leuchtturm schlafen\u2026die sch\u00f6nsten Europas!"},"content":{"rendered":"<blockquote><p>&#8218;[Der <strong>Leuchtturm<\/strong>] hoch, nackt und gerade, funkelnd, schwarz und wei\u00df, und man konnte schon die Wellen welche wie weisse Glassplitter auf den Felsen brachen, sehen&#8216;<\/p>\n<p style=\"text-align: right\">Virginia Woolf<\/p>\n<\/blockquote>\n<p>Poetisch, ohne Alter, <strong>mysteri\u00f6s<\/strong>, melancholisch, aber <strong>romantisch<\/strong>: die alleinstehenden und abgelegenen <strong>Leuchtt\u00fcrme<\/strong> verbergen einen <strong>grossen Charme<\/strong>. Wer hat noch nie davon getr\u00e4umt in einem Leuchtturm f\u00fcr einigen Tagen zu schlafen, weit weg von der Welt, und vom <strong>Meer gewiegt<\/strong> w\u00e4hrend man die vorbeifahrenden Schiffe beobachtet?<br \/>\nEs werden immer mehr abgelegte Leuchtt\u00fcrme in Beherbergung Strukturen umgewandelt, auch in Italien wird das immer \u00f6fters gemacht.<\/p>\n<p>Lassen Sie uns zu die <strong>8 sch\u00f6nsten Leuchtt\u00fcrmen Europas<\/strong> entdecken, um einen einzigartigen und <strong>unvergesslichen Urlaub<\/strong> zu verbringen.<\/p>\n<h2><a href=\"https:\/\/ecobnb.de\/FR-morbihan\/unterkunft\/le-phare-de-kerbel\/B87bz\" target=\"_blank\">Le Phare de Kerbel<\/a> \u2013 Frankreich<\/h2>\n<p><a href=\"https:\/\/ecobnb.de\/blog\/app\/uploads\/sites\/4\/2016\/02\/francia.png\"><img class=\"alignnone wp-image-373 size-full\" src=\"https:\/\/ecobnb.de\/blog\/app\/uploads\/sites\/4\/2016\/02\/francia.png\" alt=\"francia\" width=\"770\" height=\"431\" srcset=\"https:\/\/ecobnb.de\/blog\/app\/uploads\/sites\/4\/2016\/02\/francia.png 770w, https:\/\/ecobnb.de\/blog\/app\/uploads\/sites\/4\/2016\/02\/francia-536x300.png 536w, https:\/\/ecobnb.de\/blog\/app\/uploads\/sites\/4\/2016\/02\/francia-570x320.png 570w, https:\/\/ecobnb.de\/blog\/app\/uploads\/sites\/4\/2016\/02\/francia-344x193.png 344w\" sizes=\"(max-width: 770px) 100vw, 770px\" \/><\/a><\/p>\n<p>In der Vorstadt des malerischen <strong>Port-Louis<\/strong> befindet sich ein sehr sch\u00f6ner Leuchtturm, ideal f\u00fcr einen unglaublichen und luxuri\u00f6sen Urlaub mit der <strong>Familie<\/strong> oder mit den Freunden. Dank seiner 25m H\u00f6he k\u00f6nnen Sie eine <strong>atemberaubende Aussicht<\/strong> auf die K\u00fcste, die Insel Grois und auf die Bucht Lorient geniessen.<\/p>\n<p>Das alte W\u00e4chterhaus kann bis zu 6 Personen beherbergen, dank der zwei Schlafzimmer im ersten Stock und dem Schlafsofas im Wohnzimmer (mit Veranda) im Hochparterre. Sie haben ausserdem die M\u00f6glichkeit sich im entz\u00fcckenden <strong>privaten Schwimmbad<\/strong> und in der <strong>Sauna<\/strong> zu entspannen.<\/p>\n\n\t\t<style type=\"text\/css\">\n\t\t\t#gallery-1 {\n\t\t\t\tmargin: auto;\n\t\t\t}\n\t\t\t#gallery-1 .gallery-item {\n\t\t\t\tfloat: left;\n\t\t\t\tmargin-top: 10px;\n\t\t\t\ttext-align: center;\n\t\t\t\twidth: 33%;\n\t\t\t}\n\t\t\t#gallery-1 img {\n\t\t\t\tborder: 2px solid #cfcfcf;\n\t\t\t}\n\t\t\t#gallery-1 .gallery-caption {\n\t\t\t\tmargin-left: 0;\n\t\t\t}\n\t\t\t\/* see gallery_shortcode() in wp-includes\/media.php *\/\n\t\t<\/style>\n\t\t<div id='gallery-1' class='gallery galleryid-371 gallery-columns-3 gallery-size-thumbnail'><dl class='gallery-item'>\n\t\t\t<dt class='gallery-icon landscape'>\n\t\t\t\t<a href='https:\/\/ecobnb.de\/blog\/2016\/02\/leuchtturm-europas\/francia-picc1\/#main'><img width=\"270\" height=\"200\" src=\"https:\/\/ecobnb.de\/blog\/app\/uploads\/sites\/4\/2016\/02\/francia-picc1.png\" class=\"attachment-thumbnail size-thumbnail\" alt=\"\" \/><\/a>\n\t\t\t<\/dt><\/dl><dl class='gallery-item'>\n\t\t\t<dt class='gallery-icon landscape'>\n\t\t\t\t<a href='https:\/\/ecobnb.de\/blog\/2016\/02\/leuchtturm-europas\/francia-picc2\/#main'><img width=\"270\" height=\"200\" src=\"https:\/\/ecobnb.de\/blog\/app\/uploads\/sites\/4\/2016\/02\/francia-picc2.jpg\" class=\"attachment-thumbnail size-thumbnail\" alt=\"\" \/><\/a>\n\t\t\t<\/dt><\/dl><dl class='gallery-item'>\n\t\t\t<dt class='gallery-icon landscape'>\n\t\t\t\t<a href='https:\/\/ecobnb.de\/blog\/2016\/02\/leuchtturm-europas\/francia-picc3\/#main'><img width=\"270\" height=\"200\" src=\"https:\/\/ecobnb.de\/blog\/app\/uploads\/sites\/4\/2016\/02\/Francia-picc3.png\" class=\"attachment-thumbnail size-thumbnail\" alt=\"\" \/><\/a>\n\t\t\t<\/dt><\/dl><br style=\"clear: both\" \/>\n\t\t<\/div>\n\n<h2><a href=\"https:\/\/ecobnb.de\/NL-harlingen\/unterkunft\/lighthouse-harlingen\/ldcr0\" target=\"_blank\">Leuchtturm Harlingen<\/a>&#8211; Holland<\/h2>\n<p><a href=\"https:\/\/ecobnb.de\/blog\/app\/uploads\/sites\/4\/2016\/02\/faro-olanda.png\"><img class=\"alignnone wp-image-377 size-full\" src=\"https:\/\/ecobnb.de\/blog\/app\/uploads\/sites\/4\/2016\/02\/faro-olanda.png\" alt=\"faro olanda\" width=\"770\" height=\"431\" srcset=\"https:\/\/ecobnb.de\/blog\/app\/uploads\/sites\/4\/2016\/02\/faro-olanda.png 770w, https:\/\/ecobnb.de\/blog\/app\/uploads\/sites\/4\/2016\/02\/faro-olanda-536x300.png 536w, https:\/\/ecobnb.de\/blog\/app\/uploads\/sites\/4\/2016\/02\/faro-olanda-570x320.png 570w, https:\/\/ecobnb.de\/blog\/app\/uploads\/sites\/4\/2016\/02\/faro-olanda-344x193.png 344w\" sizes=\"(max-width: 770px) 100vw, 770px\" \/><\/a><\/p>\n<p>Harligen blickt auf dem <strong>Meer von Wadden<\/strong>, welcher von einer Reihe von Inseln gekennzeichnet ist und die man kaum vom Festland aus sieht. Sie werden diese in all ihrer Pracht vom Leuchtturm Harlingen aus bewundern k\u00f6nnen. Dieser Leuchtturm ist jetzt ausschlie\u00dflich ein Hotel ideal f\u00fcr eine <strong>romantischer Flucht<\/strong> oder eine <strong>originelle Hochzeitsreise<\/strong>. Es bietet eine einzige <strong>Suite<\/strong>, welche auf drei Ebenen eingerichtet ist. Das Schlafzimmer bietet dank der Glaswand eine Panoramaaussicht an. Aber der letzte Stock hat keine Rivale: hier befand sich einst die Laterne, jetzt gibt es einen kleinen Tisch f\u00fcr zwei Personen, wo Sie jeden Morgen das ausgezeichnete Fr\u00fchst\u00fcck serviert bekommen.<\/p>\n\n\t\t<style type=\"text\/css\">\n\t\t\t#gallery-2 {\n\t\t\t\tmargin: auto;\n\t\t\t}\n\t\t\t#gallery-2 .gallery-item {\n\t\t\t\tfloat: left;\n\t\t\t\tmargin-top: 10px;\n\t\t\t\ttext-align: center;\n\t\t\t\twidth: 33%;\n\t\t\t}\n\t\t\t#gallery-2 img {\n\t\t\t\tborder: 2px solid #cfcfcf;\n\t\t\t}\n\t\t\t#gallery-2 .gallery-caption {\n\t\t\t\tmargin-left: 0;\n\t\t\t}\n\t\t\t\/* see gallery_shortcode() in wp-includes\/media.php *\/\n\t\t<\/style>\n\t\t<div id='gallery-2' class='gallery galleryid-371 gallery-columns-3 gallery-size-thumbnail'><dl class='gallery-item'>\n\t\t\t<dt class='gallery-icon landscape'>\n\t\t\t\t<a href='https:\/\/ecobnb.de\/blog\/2016\/02\/leuchtturm-europas\/faro-olanda-picc1\/#main'><img width=\"270\" height=\"200\" src=\"https:\/\/ecobnb.de\/blog\/app\/uploads\/sites\/4\/2016\/02\/faro-olanda-picc1.png\" class=\"attachment-thumbnail size-thumbnail\" alt=\"\" \/><\/a>\n\t\t\t<\/dt><\/dl><dl class='gallery-item'>\n\t\t\t<dt class='gallery-icon landscape'>\n\t\t\t\t<a href='https:\/\/ecobnb.de\/blog\/2016\/02\/leuchtturm-europas\/faro-picc-olanda2\/#main'><img width=\"270\" height=\"200\" src=\"https:\/\/ecobnb.de\/blog\/app\/uploads\/sites\/4\/2016\/02\/faro-picc-olanda2.png\" class=\"attachment-thumbnail size-thumbnail\" alt=\"\" \/><\/a>\n\t\t\t<\/dt><\/dl><dl class='gallery-item'>\n\t\t\t<dt class='gallery-icon landscape'>\n\t\t\t\t<a href='https:\/\/ecobnb.de\/blog\/2016\/02\/leuchtturm-europas\/faro-picc-olanda-3\/#main'><img width=\"270\" height=\"200\" src=\"https:\/\/ecobnb.de\/blog\/app\/uploads\/sites\/4\/2016\/02\/faro-picc-olanda-3.png\" class=\"attachment-thumbnail size-thumbnail\" alt=\"\" \/><\/a>\n\t\t\t<\/dt><\/dl><br style=\"clear: both\" \/>\n\t\t<\/div>\n\n<h2><a href=\"https:\/\/ecobnb.de\/IE-mayo\/hotel\/clare-island-lighthouse\/MVhBM\" target=\"_blank\">Leuchtturm Care Island<\/a> Irland<\/h2>\n<p><a href=\"https:\/\/ecobnb.de\/blog\/app\/uploads\/sites\/4\/2016\/02\/faro-irlanda.jpg\"><img class=\"alignnone wp-image-381 size-full\" src=\"https:\/\/ecobnb.de\/blog\/app\/uploads\/sites\/4\/2016\/02\/faro-irlanda.jpg\" alt=\"faro irlanda\" width=\"770\" height=\"431\" srcset=\"https:\/\/ecobnb.de\/blog\/app\/uploads\/sites\/4\/2016\/02\/faro-irlanda.jpg 770w, https:\/\/ecobnb.de\/blog\/app\/uploads\/sites\/4\/2016\/02\/faro-irlanda-536x300.jpg 536w, https:\/\/ecobnb.de\/blog\/app\/uploads\/sites\/4\/2016\/02\/faro-irlanda-570x320.jpg 570w, https:\/\/ecobnb.de\/blog\/app\/uploads\/sites\/4\/2016\/02\/faro-irlanda-344x193.jpg 344w\" sizes=\"(max-width: 770px) 100vw, 770px\" \/><\/a><\/p>\n<p>In diesem Fall sieht die Lage wirklich unglaublich und <strong>urw\u00fcchsig<\/strong> aus.<br \/>\nWir befinden uns am Ende der kleinen Insel im West Irland. Rund um dem originellen Leuchtturm wurden kleine Cottages gebaut welche alle zusammen einen sehr sch\u00f6nen <strong>Hotel Boutique<\/strong> bilden, wo Sie ausgezeichnete einheimische Teller geniessen, sich im Gemeinschaftssaal mit <strong>Kamin<\/strong> entspannen oder die unbefleckte Natur der Insel mit dem <strong>Rad<\/strong> oder mit dem <strong>Pferd<\/strong> erkunden k\u00f6nnen.<\/p>\n\n\t\t<style type=\"text\/css\">\n\t\t\t#gallery-3 {\n\t\t\t\tmargin: auto;\n\t\t\t}\n\t\t\t#gallery-3 .gallery-item {\n\t\t\t\tfloat: left;\n\t\t\t\tmargin-top: 10px;\n\t\t\t\ttext-align: center;\n\t\t\t\twidth: 33%;\n\t\t\t}\n\t\t\t#gallery-3 img {\n\t\t\t\tborder: 2px solid #cfcfcf;\n\t\t\t}\n\t\t\t#gallery-3 .gallery-caption {\n\t\t\t\tmargin-left: 0;\n\t\t\t}\n\t\t\t\/* see gallery_shortcode() in wp-includes\/media.php *\/\n\t\t<\/style>\n\t\t<div id='gallery-3' class='gallery galleryid-371 gallery-columns-3 gallery-size-thumbnail'><dl class='gallery-item'>\n\t\t\t<dt class='gallery-icon landscape'>\n\t\t\t\t<a href='https:\/\/ecobnb.de\/blog\/2016\/02\/leuchtturm-europas\/faro-picc-irlanda1\/#main'><img width=\"270\" height=\"200\" src=\"https:\/\/ecobnb.de\/blog\/app\/uploads\/sites\/4\/2016\/02\/faro-picc-irlanda1.jpg\" class=\"attachment-thumbnail size-thumbnail\" alt=\"\" \/><\/a>\n\t\t\t<\/dt><\/dl><dl class='gallery-item'>\n\t\t\t<dt class='gallery-icon landscape'>\n\t\t\t\t<a href='https:\/\/ecobnb.de\/blog\/2016\/02\/leuchtturm-europas\/faro-picc-irlanda3\/#main'><img width=\"270\" height=\"200\" src=\"https:\/\/ecobnb.de\/blog\/app\/uploads\/sites\/4\/2016\/02\/faro-picc-irlanda3.jpg\" class=\"attachment-thumbnail size-thumbnail\" alt=\"\" \/><\/a>\n\t\t\t<\/dt><\/dl><dl class='gallery-item'>\n\t\t\t<dt class='gallery-icon landscape'>\n\t\t\t\t<a href='https:\/\/ecobnb.de\/blog\/2016\/02\/leuchtturm-europas\/faro-irlanda2\/#main'><img width=\"270\" height=\"200\" src=\"https:\/\/ecobnb.de\/blog\/app\/uploads\/sites\/4\/2016\/02\/faro-irlanda2.jpg\" class=\"attachment-thumbnail size-thumbnail\" alt=\"\" \/><\/a>\n\t\t\t<\/dt><\/dl><br style=\"clear: both\" \/>\n\t\t<\/div>\n\n<h2><a href=\"https:\/\/ecobnb.de\/HR-opcina-medulin\/unterkunft\/porer\/KkGsJ\" target=\"_blank\">Leuchtturm Porer <\/a>Kroatien<\/h2>\n<p><a href=\"https:\/\/ecobnb.de\/blog\/app\/uploads\/sites\/4\/2016\/02\/Croazia-.png\"><img class=\"alignnone wp-image-385 size-full\" src=\"https:\/\/ecobnb.de\/blog\/app\/uploads\/sites\/4\/2016\/02\/Croazia-.png\" alt=\"Croazia\" width=\"770\" height=\"431\" srcset=\"https:\/\/ecobnb.de\/blog\/app\/uploads\/sites\/4\/2016\/02\/Croazia-.png 770w, https:\/\/ecobnb.de\/blog\/app\/uploads\/sites\/4\/2016\/02\/Croazia--536x300.png 536w, https:\/\/ecobnb.de\/blog\/app\/uploads\/sites\/4\/2016\/02\/Croazia--570x320.png 570w, https:\/\/ecobnb.de\/blog\/app\/uploads\/sites\/4\/2016\/02\/Croazia--344x193.png 344w\" sizes=\"(max-width: 770px) 100vw, 770px\" \/><\/a><\/p>\n<p>M\u00f6chten Sie vom Rest der Welt abschalten? Wenn ja, dann sollten Sie eine <strong>kleine Insel<\/strong> im Adriatischen Meer w\u00e4hlen. Rund um werden Sie nur Meer erblicken. Der herrliche Leuchtturm hat zwei Wohnungen welche familiengeeignet sind. Das kann einfach nur ein unvergessliches Erlebnis sein, im Zeichen der <strong>Ruhe<\/strong>, des Tauchen ins Meereswasser und der Fische! Wenn Sie aber die Str\u00f6mungen beobachten, k\u00f6nnen Sie wundersch\u00f6ne<strong> Gr\u00fcnde<\/strong> reich an Lebewesen bewundern.<\/p>\n\n\t\t<style type=\"text\/css\">\n\t\t\t#gallery-4 {\n\t\t\t\tmargin: auto;\n\t\t\t}\n\t\t\t#gallery-4 .gallery-item {\n\t\t\t\tfloat: left;\n\t\t\t\tmargin-top: 10px;\n\t\t\t\ttext-align: center;\n\t\t\t\twidth: 33%;\n\t\t\t}\n\t\t\t#gallery-4 img {\n\t\t\t\tborder: 2px solid #cfcfcf;\n\t\t\t}\n\t\t\t#gallery-4 .gallery-caption {\n\t\t\t\tmargin-left: 0;\n\t\t\t}\n\t\t\t\/* see gallery_shortcode() in wp-includes\/media.php *\/\n\t\t<\/style>\n\t\t<div id='gallery-4' class='gallery galleryid-371 gallery-columns-3 gallery-size-thumbnail'><dl class='gallery-item'>\n\t\t\t<dt class='gallery-icon landscape'>\n\t\t\t\t<a href='https:\/\/ecobnb.de\/blog\/2016\/02\/leuchtturm-europas\/1-2\/#main'><img width=\"270\" height=\"200\" src=\"https:\/\/ecobnb.de\/blog\/app\/uploads\/sites\/4\/2016\/02\/1.png\" class=\"attachment-thumbnail size-thumbnail\" alt=\"\" \/><\/a>\n\t\t\t<\/dt><\/dl><dl class='gallery-item'>\n\t\t\t<dt class='gallery-icon landscape'>\n\t\t\t\t<a href='https:\/\/ecobnb.de\/blog\/2016\/02\/leuchtturm-europas\/attachment\/2\/#main'><img width=\"270\" height=\"200\" src=\"https:\/\/ecobnb.de\/blog\/app\/uploads\/sites\/4\/2016\/02\/2.png\" class=\"attachment-thumbnail size-thumbnail\" alt=\"\" \/><\/a>\n\t\t\t<\/dt><\/dl><dl class='gallery-item'>\n\t\t\t<dt class='gallery-icon landscape'>\n\t\t\t\t<a href='https:\/\/ecobnb.de\/blog\/2016\/02\/leuchtturm-europas\/attachment\/3\/#main'><img width=\"270\" height=\"200\" src=\"https:\/\/ecobnb.de\/blog\/app\/uploads\/sites\/4\/2016\/02\/3.jpg\" class=\"attachment-thumbnail size-thumbnail\" alt=\"\" \/><\/a>\n\t\t\t<\/dt><\/dl><br style=\"clear: both\" \/>\n\t\t<\/div>\n\n<p>&nbsp;<\/p>\n<h2><a href=\"https:\/\/ecobnb.de\/HR-opcina-umag\/unterkunft\/savudrija\/bNq8k\" target=\"_blank\">Leuchtturm Savudrija<\/a>&#8211; Kroatien<\/h2>\n<p><a href=\"https:\/\/ecobnb.de\/blog\/app\/uploads\/sites\/4\/2016\/02\/faro-croatia-grand-2.jpg\"><img class=\"alignnone wp-image-393 size-full\" src=\"https:\/\/ecobnb.de\/blog\/app\/uploads\/sites\/4\/2016\/02\/faro-croatia-grand-2.jpg\" alt=\"faro croatia grand 2\" width=\"770\" height=\"431\" srcset=\"https:\/\/ecobnb.de\/blog\/app\/uploads\/sites\/4\/2016\/02\/faro-croatia-grand-2.jpg 770w, https:\/\/ecobnb.de\/blog\/app\/uploads\/sites\/4\/2016\/02\/faro-croatia-grand-2-536x300.jpg 536w, https:\/\/ecobnb.de\/blog\/app\/uploads\/sites\/4\/2016\/02\/faro-croatia-grand-2-570x320.jpg 570w, https:\/\/ecobnb.de\/blog\/app\/uploads\/sites\/4\/2016\/02\/faro-croatia-grand-2-344x193.jpg 344w\" sizes=\"(max-width: 770px) 100vw, 770px\" \/><\/a><\/p>\n<p>Dieser ist der <strong>\u00e4lteste Leuchtturm<\/strong> von der Adria. Die<strong> Legende<\/strong> des Leuchtturms erz\u00e4hlt vom Grafen Metternich der eine kroatische Edelfrau verliebt war. Leider konnten die Eigent\u00fcmer nie im Turm leben, denn die Frau starb am selben Tag an dem der Leuchtturm fertig gebaut wurde und der Graf wollte nicht wieder dorthin gehen.<\/p>\n<p>Trotz der wehm\u00fctigen Legende, ist der Leuchtturm perfekt um einen gl\u00fccklichen Urlaub mit der Familie zu verbringen. Nur 30 m vom Leuchtturm entfernt k\u00f6nnen Sie sich auf einem herrlichen <strong>Steinstrand<\/strong> entspannen.<\/p>\n\n\t\t<style type=\"text\/css\">\n\t\t\t#gallery-5 {\n\t\t\t\tmargin: auto;\n\t\t\t}\n\t\t\t#gallery-5 .gallery-item {\n\t\t\t\tfloat: left;\n\t\t\t\tmargin-top: 10px;\n\t\t\t\ttext-align: center;\n\t\t\t\twidth: 33%;\n\t\t\t}\n\t\t\t#gallery-5 img {\n\t\t\t\tborder: 2px solid #cfcfcf;\n\t\t\t}\n\t\t\t#gallery-5 .gallery-caption {\n\t\t\t\tmargin-left: 0;\n\t\t\t}\n\t\t\t\/* see gallery_shortcode() in wp-includes\/media.php *\/\n\t\t<\/style>\n\t\t<div id='gallery-5' class='gallery galleryid-371 gallery-columns-3 gallery-size-thumbnail'><dl class='gallery-item'>\n\t\t\t<dt class='gallery-icon landscape'>\n\t\t\t\t<a href='https:\/\/ecobnb.de\/blog\/2016\/02\/leuchtturm-europas\/2-faro-picc-croatia-1\/#main'><img width=\"270\" height=\"200\" src=\"https:\/\/ecobnb.de\/blog\/app\/uploads\/sites\/4\/2016\/02\/2-faro-picc-croatia-1.jpg\" class=\"attachment-thumbnail size-thumbnail\" alt=\"\" \/><\/a>\n\t\t\t<\/dt><\/dl><dl class='gallery-item'>\n\t\t\t<dt class='gallery-icon landscape'>\n\t\t\t\t<a href='https:\/\/ecobnb.de\/blog\/2016\/02\/leuchtturm-europas\/2-faro-picc-croatia2\/#main'><img width=\"270\" height=\"200\" src=\"https:\/\/ecobnb.de\/blog\/app\/uploads\/sites\/4\/2016\/02\/2-faro-picc-croatia2.jpg\" class=\"attachment-thumbnail size-thumbnail\" alt=\"\" \/><\/a>\n\t\t\t<\/dt><\/dl><dl class='gallery-item'>\n\t\t\t<dt class='gallery-icon landscape'>\n\t\t\t\t<a href='https:\/\/ecobnb.de\/blog\/2016\/02\/leuchtturm-europas\/2-faro-picc-croatia-3\/#main'><img width=\"270\" height=\"200\" src=\"https:\/\/ecobnb.de\/blog\/app\/uploads\/sites\/4\/2016\/02\/2-faro-picc-croatia-3.jpg\" class=\"attachment-thumbnail size-thumbnail\" alt=\"\" \/><\/a>\n\t\t\t<\/dt><\/dl><br style=\"clear: both\" \/>\n\t\t<\/div>\n\n<h2><a href=\"https:\/\/ecobnb.de\/GB-dumfries-and-galloway\/hotel\/corsewall-lighthouse\/Sx1zZ\" target=\"_blank\">Leuchtturm Corsewall<\/a> Hotel Schottland, UK<\/h2>\n<p><a href=\"https:\/\/ecobnb.de\/blog\/app\/uploads\/sites\/4\/2016\/02\/faro-scozia.jpg\"><img class=\"alignnone wp-image-398 size-full\" src=\"https:\/\/ecobnb.de\/blog\/app\/uploads\/sites\/4\/2016\/02\/faro-scozia.jpg\" alt=\"faro scozia\" width=\"770\" height=\"431\" srcset=\"https:\/\/ecobnb.de\/blog\/app\/uploads\/sites\/4\/2016\/02\/faro-scozia.jpg 770w, https:\/\/ecobnb.de\/blog\/app\/uploads\/sites\/4\/2016\/02\/faro-scozia-536x300.jpg 536w, https:\/\/ecobnb.de\/blog\/app\/uploads\/sites\/4\/2016\/02\/faro-scozia-570x320.jpg 570w, https:\/\/ecobnb.de\/blog\/app\/uploads\/sites\/4\/2016\/02\/faro-scozia-344x193.jpg 344w\" sizes=\"(max-width: 770px) 100vw, 770px\" \/><\/a><\/p>\n<p>Dieser Leuchtturm funktioniert noch und ist das exklusivste Hotel im Schottland. Es wurden verschiedenen<strong> Luxus und moderne Zimmer<\/strong> eingerichtet, wo Sie einen besonderen Urlaub zwischen der spektakul\u00e4ren K\u00fcste, Trekking, Reiten und <strong>Bird watching<\/strong> verbringen k\u00f6nnen. Au\u00dferdem k\u00f6nnen Sie im Restaurant ausgezeichnete <strong>lokale Gerichte<\/strong> geniessen.<\/p>\n\n\t\t<style type=\"text\/css\">\n\t\t\t#gallery-6 {\n\t\t\t\tmargin: auto;\n\t\t\t}\n\t\t\t#gallery-6 .gallery-item {\n\t\t\t\tfloat: left;\n\t\t\t\tmargin-top: 10px;\n\t\t\t\ttext-align: center;\n\t\t\t\twidth: 33%;\n\t\t\t}\n\t\t\t#gallery-6 img {\n\t\t\t\tborder: 2px solid #cfcfcf;\n\t\t\t}\n\t\t\t#gallery-6 .gallery-caption {\n\t\t\t\tmargin-left: 0;\n\t\t\t}\n\t\t\t\/* see gallery_shortcode() in wp-includes\/media.php *\/\n\t\t<\/style>\n\t\t<div id='gallery-6' class='gallery galleryid-371 gallery-columns-3 gallery-size-thumbnail'><dl class='gallery-item'>\n\t\t\t<dt class='gallery-icon landscape'>\n\t\t\t\t<a href='https:\/\/ecobnb.de\/blog\/2016\/02\/leuchtturm-europas\/faro-picc-scozia1\/#main'><img width=\"270\" height=\"200\" src=\"https:\/\/ecobnb.de\/blog\/app\/uploads\/sites\/4\/2016\/02\/faro-picc-scozia1.jpg\" class=\"attachment-thumbnail size-thumbnail\" alt=\"\" \/><\/a>\n\t\t\t<\/dt><\/dl><dl class='gallery-item'>\n\t\t\t<dt class='gallery-icon landscape'>\n\t\t\t\t<a href='https:\/\/ecobnb.de\/blog\/2016\/02\/leuchtturm-europas\/faro-picc-scozia2\/#main'><img width=\"270\" height=\"200\" src=\"https:\/\/ecobnb.de\/blog\/app\/uploads\/sites\/4\/2016\/02\/faro-picc-scozia2.jpg\" class=\"attachment-thumbnail size-thumbnail\" alt=\"\" \/><\/a>\n\t\t\t<\/dt><\/dl><dl class='gallery-item'>\n\t\t\t<dt class='gallery-icon landscape'>\n\t\t\t\t<a href='https:\/\/ecobnb.de\/blog\/2016\/02\/leuchtturm-europas\/faro-piscc-scozia3\/#main'><img width=\"270\" height=\"200\" src=\"https:\/\/ecobnb.de\/blog\/app\/uploads\/sites\/4\/2016\/02\/faro-piscc-scozia3.jpg\" class=\"attachment-thumbnail size-thumbnail\" alt=\"\" \/><\/a>\n\t\t\t<\/dt><\/dl><br style=\"clear: both\" \/>\n\t\t<\/div>\n\n<h2><a href=\"https:\/\/ecobnb.de\/HR-opcina-rasa\/unterkunft\/crna-punta-lighthouse\/Q9rF0\" target=\"_blank\">Leuchtturm Crna Punta<\/a> &#8211; Kroatien<\/h2>\n<p><a href=\"https:\/\/ecobnb.de\/blog\/app\/uploads\/sites\/4\/2016\/02\/3-faro-croazia-grande.png\"><img class=\"alignnone wp-image-402 size-full\" src=\"https:\/\/ecobnb.de\/blog\/app\/uploads\/sites\/4\/2016\/02\/3-faro-croazia-grande.png\" alt=\"3 faro croazia grande\" width=\"770\" height=\"431\" srcset=\"https:\/\/ecobnb.de\/blog\/app\/uploads\/sites\/4\/2016\/02\/3-faro-croazia-grande.png 770w, https:\/\/ecobnb.de\/blog\/app\/uploads\/sites\/4\/2016\/02\/3-faro-croazia-grande-536x300.png 536w, https:\/\/ecobnb.de\/blog\/app\/uploads\/sites\/4\/2016\/02\/3-faro-croazia-grande-570x320.png 570w, https:\/\/ecobnb.de\/blog\/app\/uploads\/sites\/4\/2016\/02\/3-faro-croazia-grande-344x193.png 344w\" sizes=\"(max-width: 770px) 100vw, 770px\" \/><\/a><\/p>\n<p>Sobald Sie hier ankommen, werden Sie nichts mehr ben\u00f6tigen, und wahrscheinlich werden Sie nicht mehr weg wollen. Wir sind in <strong>Istrien<\/strong> auf einer unglaublichen Seite ihrer K\u00fcste.<\/p>\n<p>Dieses grosse Haus mit angebautem Leuchtturm kann grosse Familien beherbergen (hier gibt es 4 Schlafzimmer) und es ist ganz aus Steinen gebaut. Nur zwei Meter entfernt werden Sie einen <strong>Privatstrand<\/strong> finden und rundherum gar nichts, ausser das kristalline Meer und eine <strong>wilde Natur<\/strong> die mit den <strong>langsamen<\/strong> <strong>Routen<\/strong> ganz zu erkunden ist.<\/p>\n\n\t\t<style type=\"text\/css\">\n\t\t\t#gallery-7 {\n\t\t\t\tmargin: auto;\n\t\t\t}\n\t\t\t#gallery-7 .gallery-item {\n\t\t\t\tfloat: left;\n\t\t\t\tmargin-top: 10px;\n\t\t\t\ttext-align: center;\n\t\t\t\twidth: 33%;\n\t\t\t}\n\t\t\t#gallery-7 img {\n\t\t\t\tborder: 2px solid #cfcfcf;\n\t\t\t}\n\t\t\t#gallery-7 .gallery-caption {\n\t\t\t\tmargin-left: 0;\n\t\t\t}\n\t\t\t\/* see gallery_shortcode() in wp-includes\/media.php *\/\n\t\t<\/style>\n\t\t<div id='gallery-7' class='gallery galleryid-371 gallery-columns-3 gallery-size-thumbnail'><dl class='gallery-item'>\n\t\t\t<dt class='gallery-icon landscape'>\n\t\t\t\t<a href='https:\/\/ecobnb.de\/blog\/2016\/02\/leuchtturm-europas\/3-faro-croatia-picc1\/#main'><img width=\"270\" height=\"200\" src=\"https:\/\/ecobnb.de\/blog\/app\/uploads\/sites\/4\/2016\/02\/3-faro-croatia-picc1.png\" class=\"attachment-thumbnail size-thumbnail\" alt=\"\" \/><\/a>\n\t\t\t<\/dt><\/dl><dl class='gallery-item'>\n\t\t\t<dt class='gallery-icon landscape'>\n\t\t\t\t<a href='https:\/\/ecobnb.de\/blog\/2016\/02\/leuchtturm-europas\/3-faro-croatia-picc2\/#main'><img width=\"270\" height=\"200\" src=\"https:\/\/ecobnb.de\/blog\/app\/uploads\/sites\/4\/2016\/02\/3-faro-croatia-picc2.png\" class=\"attachment-thumbnail size-thumbnail\" alt=\"\" \/><\/a>\n\t\t\t<\/dt><\/dl><dl class='gallery-item'>\n\t\t\t<dt class='gallery-icon landscape'>\n\t\t\t\t<a href='https:\/\/ecobnb.de\/blog\/2016\/02\/leuchtturm-europas\/3-faro-croatia-picc3\/#main'><img width=\"270\" height=\"200\" src=\"https:\/\/ecobnb.de\/blog\/app\/uploads\/sites\/4\/2016\/02\/3-faro-croatia-picc3.png\" class=\"attachment-thumbnail size-thumbnail\" alt=\"\" \/><\/a>\n\t\t\t<\/dt><\/dl><br style=\"clear: both\" \/>\n\t\t<\/div>\n\n<p>Sind Sie zum Starten\u00a0bereit ? Schreiben Sie uns in den Kommentaren welcher ihr beliebtester <strong>Leuchtturm<\/strong> ist!<\/p>\n<p>&nbsp;<\/p>\n<h4>Diese Artikel k\u00f6nnten dich auch interessieren:<\/h4>\n<h4><a href=\"https:\/\/ecobnb.de\/blog\/2016\/02\/labyrinthen_italiens\/\" target=\"_blank\">Verirren Sie sich in den eindrucksvollsten Labyrinthen Italiens<\/a><\/h4>\n<h4><a title=\"Free Spa? Top 5 Italy Hot Springs to visit\" href=\"https:\/\/ecobnb.de\/blog\/2015\/11\/tolle-baumhauser-hotels-italien\/\" target=\"_blank\">Drei tolle Baumh\u00e4user (und Hotels) in Italien<\/a><\/h4>\n<h4><a href=\"https:\/\/ecobnb.de\/blog\/2015\/12\/oko-chalet-italien\/\" target=\"_blank\">Urlaub am Berg: zwei Herzen und ein Chalet<\/a><\/h4>\n","protected":false},"excerpt":{"rendered":"<p>&#8218;[Der Leuchtturm] hoch, nackt und gerade, funkelnd, schwarz und wei\u00df, und man konnte schon die Wellen welche wie weisse Glassplitter auf den Felsen brachen, sehen&#8216; Virginia Woolf Poetisch, ohne Alter, mysteri\u00f6s, melancholisch, aber romantisch: die alleinstehenden und abgelegenen Leuchtt\u00fcrme verbergen einen grossen Charme. Wer hat noch nie davon getr\u00e4umt in einem Leuchtturm f\u00fcr einigen Tagen [&hellip;]<\/p>\n","protected":false},"author":54,"featured_media":372,"comment_status":"closed","ping_status":"open","sticky":false,"template":"","format":"standard","meta":[],"categories":[43],"tags":[8,7,69,50],"acf":[],"yoast_head":"<!-- This site is optimized with the Yoast SEO plugin v19.9 - https:\/\/yoast.com\/wordpress\/plugins\/seo\/ -->\n<title>In einem Leuchtturm schlafen\u2026die sch\u00f6nsten Europas! - Ecobnb<\/title>\n<meta name=\"description\" content=\"Wer hat noch nie davon getr\u00e4umt in einem Leuchtturm zu schlafen? Verbringen Sie einen umweltfreundlichen Urlaub in einem der sch\u00f6nsten Leuchtt\u00fcrme Europas!\" \/>\n<meta name=\"robots\" content=\"index, follow, max-snippet:-1, max-image-preview:large, max-video-preview:-1\" \/>\n<link rel=\"canonical\" href=\"https:\/\/ecobnb.de\/blog\/2016\/02\/leuchtturm-europas\/\" \/>\n<meta property=\"og:locale\" content=\"de_DE\" \/>\n<meta property=\"og:type\" content=\"article\" \/>\n<meta property=\"og:title\" content=\"In einem Leuchtturm schlafen\u2026die sch\u00f6nsten Europas! - Ecobnb\" \/>\n<meta property=\"og:description\" content=\"Wer hat noch nie davon getr\u00e4umt in einem Leuchtturm zu schlafen? Verbringen Sie einen umweltfreundlichen Urlaub in einem der sch\u00f6nsten Leuchtt\u00fcrme Europas!\" \/>\n<meta property=\"og:url\" content=\"https:\/\/ecobnb.de\/blog\/2016\/02\/leuchtturm-europas\/\" \/>\n<meta property=\"og:site_name\" content=\"Ecobnb\" \/>\n<meta property=\"article:published_time\" content=\"2016-02-17T15:19:58+00:00\" \/>\n<meta property=\"article:modified_time\" content=\"2017-03-17T09:17:20+00:00\" \/>\n<meta property=\"og:image\" content=\"https:\/\/ecobnb.de\/blog\/app\/uploads\/sites\/4\/2016\/02\/faro-res.jpg\" \/>\n\t<meta property=\"og:image:width\" content=\"1170\" \/>\n\t<meta property=\"og:image:height\" content=\"490\" \/>\n\t<meta property=\"og:image:type\" content=\"image\/jpeg\" \/>\n<meta name=\"author\" content=\"Elisa Anardu\" \/>\n<meta name=\"twitter:card\" content=\"summary_large_image\" \/>\n<meta name=\"twitter:label1\" content=\"Written by\" \/>\n\t<meta name=\"twitter:data1\" content=\"Elisa Anardu\" \/>\n\t<meta name=\"twitter:label2\" content=\"Est. reading time\" \/>\n\t<meta name=\"twitter:data2\" content=\"4 minutes\" \/>\n<!-- \/ Yoast SEO plugin. -->","yoast_head_json":{"title":"In einem Leuchtturm schlafen\u2026die sch\u00f6nsten Europas! - Ecobnb","description":"Wer hat noch nie davon getr\u00e4umt in einem Leuchtturm zu schlafen? Verbringen Sie einen umweltfreundlichen Urlaub in einem der sch\u00f6nsten Leuchtt\u00fcrme Europas!","robots":{"index":"index","follow":"follow","max-snippet":"max-snippet:-1","max-image-preview":"max-image-preview:large","max-video-preview":"max-video-preview:-1"},"canonical":"https:\/\/ecobnb.de\/blog\/2016\/02\/leuchtturm-europas\/","og_locale":"de_DE","og_type":"article","og_title":"In einem Leuchtturm schlafen\u2026die sch\u00f6nsten Europas! - Ecobnb","og_description":"Wer hat noch nie davon getr\u00e4umt in einem Leuchtturm zu schlafen? Verbringen Sie einen umweltfreundlichen Urlaub in einem der sch\u00f6nsten Leuchtt\u00fcrme Europas!","og_url":"https:\/\/ecobnb.de\/blog\/2016\/02\/leuchtturm-europas\/","og_site_name":"Ecobnb","article_published_time":"2016-02-17T15:19:58+00:00","article_modified_time":"2017-03-17T09:17:20+00:00","og_image":[{"width":1170,"height":490,"url":"https:\/\/ecobnb.de\/blog\/app\/uploads\/sites\/4\/2016\/02\/faro-res.jpg","type":"image\/jpeg"}],"author":"Elisa Anardu","twitter_card":"summary_large_image","twitter_misc":{"Written by":"Elisa Anardu","Est. reading time":"4 minutes"},"schema":{"@context":"https:\/\/schema.org","@graph":[{"@type":"WebPage","@id":"https:\/\/ecobnb.de\/blog\/2016\/02\/leuchtturm-europas\/","url":"https:\/\/ecobnb.de\/blog\/2016\/02\/leuchtturm-europas\/","name":"In einem Leuchtturm schlafen\u2026die sch\u00f6nsten Europas! - Ecobnb","isPartOf":{"@id":"https:\/\/ecobnb.de\/blog\/#website"},"datePublished":"2016-02-17T15:19:58+00:00","dateModified":"2017-03-17T09:17:20+00:00","author":{"@id":"https:\/\/ecobnb.de\/blog\/#\/schema\/person\/7647b3e006e47310af832ddc7cb1a7ff"},"description":"Wer hat noch nie davon getr\u00e4umt in einem Leuchtturm zu schlafen? Verbringen Sie einen umweltfreundlichen Urlaub in einem der sch\u00f6nsten Leuchtt\u00fcrme Europas!","breadcrumb":{"@id":"https:\/\/ecobnb.de\/blog\/2016\/02\/leuchtturm-europas\/#breadcrumb"},"inLanguage":"de-DE","potentialAction":[{"@type":"ReadAction","target":["https:\/\/ecobnb.de\/blog\/2016\/02\/leuchtturm-europas\/"]}]},{"@type":"BreadcrumbList","@id":"https:\/\/ecobnb.de\/blog\/2016\/02\/leuchtturm-europas\/#breadcrumb","itemListElement":[{"@type":"ListItem","position":1,"name":"Home","item":"https:\/\/ecobnb.de\/blog\/"},{"@type":"ListItem","position":2,"name":"In einem Leuchtturm schlafen\u2026die sch\u00f6nsten Europas!"}]},{"@type":"WebSite","@id":"https:\/\/ecobnb.de\/blog\/#website","url":"https:\/\/ecobnb.de\/blog\/","name":"Ecobnb","description":"Find sustainable accommodation","potentialAction":[{"@type":"SearchAction","target":{"@type":"EntryPoint","urlTemplate":"https:\/\/ecobnb.de\/blog\/?s={search_term_string}"},"query-input":"required name=search_term_string"}],"inLanguage":"de-DE"},{"@type":"Person","@id":"https:\/\/ecobnb.de\/blog\/#\/schema\/person\/7647b3e006e47310af832ddc7cb1a7ff","name":"Elisa Anardu","image":{"@type":"ImageObject","inLanguage":"de-DE","@id":"https:\/\/ecobnb.de\/blog\/#\/schema\/person\/image\/","url":"https:\/\/secure.gravatar.com\/avatar\/abd03f1a51ceabf20877a6de6e84337a?s=96&d=monsterid&r=g","contentUrl":"https:\/\/secure.gravatar.com\/avatar\/abd03f1a51ceabf20877a6de6e84337a?s=96&d=monsterid&r=g","caption":"Elisa Anardu"},"description":"\u201cTravel and respect nature\u201d, \u201cTravel opens your mind\u201d and \u201cTravel to find yourself\u201d! That\u2019s why I have traveled a lot the world with a special preference for Canary Islands, South America and my loved home Italy! I am translator, blog writer, work in web marketing and I am mother of three children. My passions are eco-friendly travels, photography and tell then what I experience \u2026.I love nature and animals and for that reason my dog is always coming with me!","url":"https:\/\/ecobnb.de\/blog\/author\/elisa\/"}]}},"_links":{"self":[{"href":"https:\/\/ecobnb.de\/blog\/wp-json\/wp\/v2\/posts\/371"}],"collection":[{"href":"https:\/\/ecobnb.de\/blog\/wp-json\/wp\/v2\/posts"}],"about":[{"href":"https:\/\/ecobnb.de\/blog\/wp-json\/wp\/v2\/types\/post"}],"author":[{"embeddable":true,"href":"https:\/\/ecobnb.de\/blog\/wp-json\/wp\/v2\/users\/54"}],"replies":[{"embeddable":true,"href":"https:\/\/ecobnb.de\/blog\/wp-json\/wp\/v2\/comments?post=371"}],"version-history":[{"count":8,"href":"https:\/\/ecobnb.de\/blog\/wp-json\/wp\/v2\/posts\/371\/revisions"}],"predecessor-version":[{"id":1021,"href":"https:\/\/ecobnb.de\/blog\/wp-json\/wp\/v2\/posts\/371\/revisions\/1021"}],"wp:featuredmedia":[{"embeddable":true,"href":"https:\/\/ecobnb.de\/blog\/wp-json\/wp\/v2\/media\/372"}],"wp:attachment":[{"href":"https:\/\/ecobnb.de\/blog\/wp-json\/wp\/v2\/media?parent=371"}],"wp:term":[{"taxonomy":"category","embeddable":true,"href":"https:\/\/ecobnb.de\/blog\/wp-json\/wp\/v2\/categories?post=371"},{"taxonomy":"post_tag","embeddable":true,"href":"https:\/\/ecobnb.de\/blog\/wp-json\/wp\/v2\/tags?post=371"}],"curies":[{"name":"wp","href":"https:\/\/api.w.org\/{rel}","templated":true}]}}