{"id":3860,"date":"2019-02-22T14:19:34","date_gmt":"2019-02-22T13:19:34","guid":{"rendered":"https:\/\/bookitgreen-blog.local\/blog\/?p=3860"},"modified":"2025-11-10T17:44:17","modified_gmt":"2025-11-10T16:44:17","slug":"madeira-reise","status":"publish","type":"post","link":"https:\/\/ecobnb.de\/blog\/2019\/02\/madeira-reise\/","title":{"rendered":"Madeira im Februar \u2013 eine Insel-Reise zur Nebensaison"},"content":{"rendered":"\n<p><strong>Endlose Bl\u00fctenmeere, frisches Obst und Gem\u00fcse, viele Berge mit vielen Kurven und grenzenlose Gastfreundschaft: So l\u00e4sst sich Madeira kurzfassen.<\/strong> Warum sich eine Madeira-Reise besonders zur Nebensaison lohnt, welche Wanderrouten sehenswert sind und wie nachhaltig die Insel eigentlich ist, erf\u00e4hrst du in diesem Artikel.<\/p>\n\n\n\n<!--more-->\n\n\n\n<p>Dem deutschen Winter entfliehen und f\u00fcr einen Monat Sonne im S\u00fcden tanken. Das war der Plan, als ich losgeflogen bin. Und er ist aufgegangen. Madeira mit seiner unaufgeregten Hauptstadt Funchal und seiner angejahrten Bev\u00f6lkerung eignet sich wunderbar, um einen Gang herunterzuschalten, frische Meeresluft und Sonne zu genie\u00dfen und dann mit aufgef\u00fcllter Energie ins Jahr zu starten. <\/p>\n\n\n\n<p>In K\u00fcstenn\u00e4he reihen sich die H\u00e4user zu mal mehr, mal weniger gro\u00dfen Ansammlungen zusammen. Ein paar H\u00f6henmeter weiter oben dann unterschiedlichste Vegetationszonen, in vielen Kurven durch den Lorbeerwald bis aufs unbewohnte Hochplateau. Je nach Wetterlage und Inselseite hat man dann die sch\u00f6nste Aussicht oder die dickste Nebelwand vor sich. Auf der kleinen Insel versteckt sich eine derartig abwechslungsreiche Landschaft, dass einem nie langweilig wird. Und selbst wenn es mal bew\u00f6lkt ist, findet man um die n\u00e4chste Kurve den sch\u00f6nsten Regenbogen.<\/p>\n\n\n\n<h2>Busfahren auf Madeira<\/h2>\n\n\n\n<p><strong>Busfahren auf Madeira ist m\u00f6glich. Und ein Abenteuer. Aber m\u00f6glich!<\/strong> Durch die zunehmende Touristenzahl wird der Individualverkehr auf der Insel mehr und mehr zum Problem. Mit ein bisschen Planung kommt man auch mit dem Bus zu allen Sehensw\u00fcrdigkeiten und entlastet so sich selbst (keine steilen Serpentinen fahren) und die Insel (weniger Verkehr, weniger Stau). <\/p>\n\n\n\n<p>Die einzige Herausforderung ist: es gibt kein einheitliches Bussystem, sondern f\u00fcnf verschiedene Anbieter mit nicht aufeinander abgestimmten Fahrpl\u00e4nen. Generell sind die Busse f\u00fcr Einheimische gedacht und nicht f\u00fcr Touristen und die Anbieter schaffen es erst langsam sich umzustellen. So gibt es viele Bushaltestellen ohne Namen, die dann nur ungef\u00e4hre Abfahrtszeiten haben. Hier findet sich eine grobe <a rel=\"noreferrer noopener\" aria-label=\"\u00dcbersicht \u00fcber die Strecken der Busanbieter (\u00f6ffnet in neuem Tab)\" href=\"http:\/\/madeirarural.com\/wp-content\/uploads\/2013\/03\/bus-madeira.pdf\" target=\"_blank\">\u00dcbersicht \u00fcber die Strecken der Busanbieter<\/a> auf Madeira. Im Tourist-Office (<em>Secretaria Regional da Cultura, Turismo e Transportes<\/em>, Avenida Arriaga 18 in Funchal) gibt&#8217;s ein kostenfreies Heftchen mit (fast) allen Buslinien und ihren Abfahrtszeiten. Von Funchal aus kommt man gut in jeden Winkel der Insel. Zur Sicherheit kann man auch noch die Webseiten der Busanbieter selbst checken. <\/p>\n\n\n\n<figure class=\"wp-block-image size-large\"><img width=\"870\" height=\"490\" src=\"https:\/\/ecobnb.de\/blog\/app\/uploads\/sites\/4\/2023\/07\/fussgaengerzone-madeira-funchal-bookitgreen-1030x702-1-870x490.jpg\" alt=\"Blich auf den Sonnenuntergang in der Fu\u00dfg\u00e4ngerzone in Funchal\" class=\"wp-image-5033\" srcset=\"https:\/\/ecobnb.de\/blog\/app\/uploads\/sites\/4\/2023\/07\/fussgaengerzone-madeira-funchal-bookitgreen-1030x702-1-870x490.jpg 870w, https:\/\/ecobnb.de\/blog\/app\/uploads\/sites\/4\/2023\/07\/fussgaengerzone-madeira-funchal-bookitgreen-1030x702-1-570x320.jpg 570w\" sizes=\"(max-width: 870px) 100vw, 870px\" \/><\/figure>\n\n\n\n<h2>Das Essen: Saisonal &amp; lokal<\/h2>\n\n\n\n<p>In Funchal \u00f6ffnet montags bis samstags der <strong>Mercado dos Lavradores<\/strong> in der Altstadt seine Tore. Hier gibt es allerlei frisches Obst, Gem\u00fcse, Gew\u00fcrze und Kaffee zu okayen Preisen. Mehr zu empfehlen ist der <strong>Bauernmarkt in Santo da Serra<\/strong> immer sonntags. Der ist wesentlich lokaler und g\u00fcnstiger, da hier Menschen aus der Umgebung ihre Garten-\u00dcbersch\u00fcsse verkaufen. Im Februar ist ungewohnterweise schon Saison f\u00fcr sehr viel Leckeres: Salat, Avocados, Bananen, Bohnen, Kohl, Guaven, Papaya, Cherimoya, und so weiter und so fort. <\/p>\n\n\n\n<p><strong>Restaurants<\/strong> sind mir in Funchal zwei besonders positiv aufgefallen. Einmal das<strong> <\/strong><a rel=\"noreferrer noopener\" aria-label=\"MadCuba (\u00f6ffnet in neuem Tab)\" href=\"https:\/\/de-de.facebook.com\/madcuba\/\" target=\"_blank\">MadCuba<\/a>, das Madeira und Kuba zu einer leckeren, angenehmen Willkommens-Atmosph\u00e4re verbaut. Das Men\u00fc ist auf drei Gerichte beschr\u00e4nkt, zwei Fleisch-Varianten und ein vegetarischer Teller mit liebevoll zubereiteten Einzelheiten, wie den hausgemachten S\u00fc\u00dfkartoffel-Chips. Au\u00dferdem bin ich noch auf einen Pionier der veganen K\u00fcche gesto\u00dfen: das <a rel=\"noreferrer noopener\" aria-label=\"Cora\u00e7\u00e3o Vegano (\u00f6ffnet in neuem Tab)\" href=\"https:\/\/de-de.facebook.com\/icoracaovegano\/\" target=\"_blank\">Cora\u00e7\u00e3o Vegano<\/a>. Die Speisekarte ist eine wunderbare Mischung aus japanischen und karibischen Gerichten. Die Inhaber sind ein wenig verplant, servieren aber sehr leckeres Essen.<\/p>\n\n\n\n<p><strong>\u00d6kolandbau ist auf der Insel leider noch am Anfang.<\/strong> Wie bei vielen Dingen h\u00e4ngt die Insel dem Festland da ungef\u00e4hr zehn Jahre hinterher. Es gibt zwar ein paar \u00d6kolandbauern, aber generell ist man dem Einsatz von Pestiziden nicht abgeneigt. Deswegen ist die ganze Frische mit Vorsicht zu genie\u00dfen.<\/p>\n\n\n\n<figure class=\"wp-block-image size-large\"><img width=\"870\" height=\"374\" src=\"https:\/\/ecobnb.de\/blog\/app\/uploads\/sites\/4\/2023\/07\/bauernmarkt-mercado-dos-lavradores-funchal-bookitgreen-1030x374-1-870x374.jpg\" alt=\"Blick von oben auf den Bauernmarkt in Funchal\" class=\"wp-image-5034\"\/><\/figure>\n\n\n\n<h2>Die Levadas und die Energiegewinnung<\/h2>\n\n\n\n<p>Die Levadas sind k\u00fcnstliche Wasserl\u00e4ufe, die an vielen Stellen auch von Wanderwegen begleitet werden. Oben auf dem Hochplateau wird Wasser eingesammelt und dann \u00fcber teils offene, teils geschlossene Kan\u00e4le in tiefer gelegene Regionen verteilt. Manche werden von Wassergesellschaften betrieben, andere befinden sich in Gemeinschaftshand. Dann gibt es feste Termine, zu denen einzelne Familien ihre G\u00e4rten bew\u00e4ssern d\u00fcrfen. Eine Art Schleusenw\u00e4rter ist f\u00fcr die Einstellungen zust\u00e4ndig. Touristen sollten also nicht in die Versuchung kommen an den Levadas herumzuspielen, sonst kommt ein ausgekl\u00fcgeltes Wassersystem durcheinander.<\/p>\n\n\n\n<p><strong>Die Insel h\u00e4tte mit so viel Sonne, Wind und Wasser die Chance sehr viel regenerative Energie zu erzeugen. Das passiert aber kaum.<\/strong> \u00dcber die H\u00e4lfte der auf der Insel erzeugten Energie entsteht derzeit durch die Verbrennung von Heiz\u00f6l, das vom Festland kommt. Knapp 30 % werden aus Wasserkraft gewonnen und Sonnenenergie wird bisher kaum genutzt. Der Ausbau scheitert gr\u00f6\u00dftenteils daran, dass seit 1976 die christlich-konservative Sozialdemokratische Partei Portugals regiert und wenig Platz f\u00fcr Innovation l\u00e4sst. Aktuell wird mit europ\u00e4ischer Bezuschussung ein Pumpspeicherkraftwerk zur Energiespeicherung auf dem Hochplateau gebaut, was von massiven Eingriffen in die Natur begleitet wird und deshalb sehr umstritten ist.<\/p>\n\n\n\n<figure class=\"wp-block-image size-large\"><img width=\"870\" height=\"490\" src=\"https:\/\/ecobnb.de\/blog\/app\/uploads\/sites\/4\/2023\/07\/levada-loch-870x490.jpg\" alt=\"Die sch\u00f6nsten Wanderungen auf Madeira\" class=\"wp-image-5035\" srcset=\"https:\/\/ecobnb.de\/blog\/app\/uploads\/sites\/4\/2023\/07\/levada-loch-870x490.jpg 870w, https:\/\/ecobnb.de\/blog\/app\/uploads\/sites\/4\/2023\/07\/levada-loch-570x320.jpg 570w\" sizes=\"(max-width: 870px) 100vw, 870px\" \/><\/figure>\n\n\n\n<h2>Die sch\u00f6nsten Wanderungen auf Madeira<\/h2>\n\n\n\n<p>Ein Urlaub in der Nebensaison hat auch den Vorteil, dass man sich die Wanderwege nicht mit allzu vielen anderen teilen muss. Viele Wanderungen f\u00fchren an Levadas vorbei, andere \u00fcber Berggipfel oder an der K\u00fcste entlang. Die Hauptwege sind eindeutig ausgeschildert, geben aber wenig \u00dcberblick \u00fcber die Nebenwege. Mit dem Auto irgendwo hinzufahren und loszuwandern, ist nur bei einigen wenigen Rundwegen ratsam. F\u00fcr alle anderen Wanderungen eignet sich der kostenfreie <a rel=\"noreferrer noopener\" aria-label=\"Tourenplaner von Outdooractive (\u00f6ffnet in neuem Tab)\" href=\"https:\/\/www.outdooractive.com\/de\/tourenplaner\/\" target=\"_blank\">Tourenplaner von Outdooractive<\/a>. Hier kann man Start und Ende der Tour, abgestimmt auf Busfahrpl\u00e4ne, angeben und erh\u00e4lt alle n\u00f6tigen Infos zu L\u00e4nge, Dauer und H\u00f6henmetern. <\/p>\n\n\n\n<p>Ein <strong>Highlight der Reise<\/strong> war eine ebenso geplante Tour. Los ging&#8217;s mit dem Bus von Funchal nach Poiso und dann weiter per Anhalter auf den Pico do Arieiro (1818 m). Von dort aus startet eine sagenhafte Gipfelwanderung bis zum Pico Ruivo (1862 m). Hier ist es wichtig aufs Wetter zu achten. Bei Feuchtigkeit ist die Gefahr abzurutschen zu gro\u00df. Am Pico Ruivo l\u00e4uft man vorbei und in Richtung Pico da Encumeada weiter. Nach dem Pico do Jorge (am besten offline Karte mitnehmen) biegt man links ab und geht talw\u00e4rts ins Curral das Freiras, das Nonnental. Von hier aus fahren auch sp\u00e4t abends noch Busse nach Funchal zur\u00fcck. Die drei Tage Muskelkater haben sich auf jeden Fall gelohnt.<\/p>\n\n\n\n<p>Etwas weniger sportlich, aber trotzdem sehr sch\u00f6n ist die <strong>Levada-Wanderung Nummer 9<\/strong> (Levada do Caldeir\u00e3o Verde). Bei gutem Wetter hat man auf dem Weg eine sch\u00f6ne Aussicht, bei schlechtem verwandeln sich die B\u00e4ume in einen sagenhaften Nebelwald. Beim eigentlichen Ziel, einem Wasserfall, sollte man jedoch nicht umdrehen, sondern der Levada weiter folgen bis zum Caldeir\u00e3o do Inferno. Der Weg ist nicht mehr ausgeschildert, daf\u00fcr wenig bekannt und f\u00fchrt zum besten Ausblick Madeiras.<\/p>\n\n\n\n<figure class=\"wp-block-image\"><img width=\"1000\" height=\"562\" src=\"https:\/\/sb.ecobnb.net\/app\/uploads\/sites\/4\/2019\/02\/pico-ruivo-auf-madeira-bookitgreen.jpg\" alt=\"Blick vom Pico Ruivo auf Madeira\" class=\"wp-image-3916\" srcset=\"https:\/\/ecobnb.de\/blog\/app\/uploads\/sites\/4\/2019\/02\/pico-ruivo-auf-madeira-bookitgreen.jpg 1000w, https:\/\/ecobnb.de\/blog\/app\/uploads\/sites\/4\/2019\/02\/pico-ruivo-auf-madeira-bookitgreen-536x301.jpg 536w, https:\/\/ecobnb.de\/blog\/app\/uploads\/sites\/4\/2019\/02\/pico-ruivo-auf-madeira-bookitgreen-870x490.jpg 870w, https:\/\/ecobnb.de\/blog\/app\/uploads\/sites\/4\/2019\/02\/pico-ruivo-auf-madeira-bookitgreen-768x432.jpg 768w, https:\/\/ecobnb.de\/blog\/app\/uploads\/sites\/4\/2019\/02\/pico-ruivo-auf-madeira-bookitgreen-570x320.jpg 570w, https:\/\/ecobnb.de\/blog\/app\/uploads\/sites\/4\/2019\/02\/pico-ruivo-auf-madeira-bookitgreen-344x193.jpg 344w\" sizes=\"(max-width: 1000px) 100vw, 1000px\" \/><\/figure>\n\n\n\n<h2>Unsere Unterk\u00fcnfte auf Madeira<\/h2>\n\n\n\n<p>Die Unterkunft Casa Zona Velha-Caetano ist f\u00fcr bis zu drei G\u00e4ste geeignet und liegt in der Altstadt von Funchal. Sie ist deshalb der perfekte Ausgangspunkt f\u00fcr Unternehmungen in der Hauptstadt. Der Strand ist beispielsweise nur eine Minute entfernt. Hier kann man auch im Februar schon hervorragend baden, wenn die Sonne scheint. Und wenn man abends zu viel Poncha (Nationalgetr\u00e4nk aus Zuckerrohrschnaps, Zitronensaft und Honig) getrunken hat, findet man trotzdem noch nach Hause.<\/p>\n\n\n\n<p>Die Cabanas de S. Jorge Village liegen an der Nordk\u00fcste von Madeira und sind der ideale Ausgangspunkt f\u00fcr Wanderungen im Norden der Insel oder im Inselinneren. Mit fantastischer Aussicht auf den Atlantik und unvergesslichen Sonnenunterg\u00e4ngen ist sie Unterkunft aber auch sehr gut zum Entspannen geeignet. <br><\/p>\n\n\n\n<figure class=\"wp-block-image size-large\"><img width=\"870\" height=\"490\" src=\"https:\/\/ecobnb.de\/blog\/app\/uploads\/sites\/4\/2023\/07\/funchal-madeira-badestelle-bookitgreen-1030x542-1-870x490.jpg\" alt=\"Meerblick an der Badestelle am gelben Haus in Funchal\" class=\"wp-image-5036\" srcset=\"https:\/\/ecobnb.de\/blog\/app\/uploads\/sites\/4\/2023\/07\/funchal-madeira-badestelle-bookitgreen-1030x542-1-870x490.jpg 870w, https:\/\/ecobnb.de\/blog\/app\/uploads\/sites\/4\/2023\/07\/funchal-madeira-badestelle-bookitgreen-1030x542-1-570x320.jpg 570w\" sizes=\"(max-width: 870px) 100vw, 870px\" \/><\/figure>\n\n\n\n<h2>Madeira-Reise im Februar &#8211; lohnt sich das?<\/h2>\n\n\n\n<p>Ja! Auch wenn die Anreise nur mit dem Flugzeug m\u00f6glich ist, sind die Lebenshaltungskosten zur Nebensaison so gering, dass man ein bisschen l\u00e4nger bleiben kann. So kommt das Verh\u00e4ltnis von Anreisestrecke zu Aufenthaltsdauer wieder in Ordnung. Das entspannt Reise und Reisende. <strong>Sonne, frische Lebensmittel und ausreichend Bewegung auf angenehm leeren Wanderwegen helfen gegen den Winter-Blues.<\/strong> Und mit Urlaub in der Nebensaison werden die Tourismus-Eink\u00fcnfte rund ums Jahr gest\u00e4rkt und die lokale Wirtschaft auch in der &#8222;kalten&#8220; Jahreszeit unterst\u00fctzt. Win-Win-Situation, Wellen und Wanderparadies! ???<\/p>\n","protected":false},"excerpt":{"rendered":"<p>Endlose Bl\u00fctenmeere, frisches Obst und Gem\u00fcse, viele Berge mit vielen Kurven und grenzenlose Gastfreundschaft: So l\u00e4sst sich Madeira kurzfassen. Warum sich eine Madeira-Reise besonders zur Nebensaison lohnt, welche Wanderrouten sehenswert sind und wie nachhaltig die Insel eigentlich ist, erf\u00e4hrst du in diesem Artikel.<\/p>\n","protected":false},"author":42,"featured_media":3915,"comment_status":"closed","ping_status":"open","sticky":false,"template":"","format":"standard","meta":[],"categories":[45],"tags":[280,281],"acf":[],"yoast_head":"<!-- This site is optimized with the Yoast SEO plugin v19.9 - https:\/\/yoast.com\/wordpress\/plugins\/seo\/ -->\n<title>Madeira im Februar \u2013 eine Insel-Reise zur Nebensaison - Ecobnb<\/title>\n<meta name=\"description\" content=\"Warum sich eine Madeira-Reise auch zur Nebensaison lohnt, wie man ohne Mietwagen klar kommt, sch\u00f6ne Wanderrouten und die Insel und die Nachhaltigkeit.\" \/>\n<meta name=\"robots\" content=\"index, follow, max-snippet:-1, max-image-preview:large, max-video-preview:-1\" \/>\n<link rel=\"canonical\" href=\"https:\/\/ecobnb.de\/blog\/2019\/02\/madeira-reise\/\" \/>\n<meta property=\"og:locale\" content=\"de_DE\" \/>\n<meta property=\"og:type\" content=\"article\" \/>\n<meta property=\"og:title\" content=\"Madeira im Februar \u2013 eine Insel-Reise zur Nebensaison - Ecobnb\" \/>\n<meta property=\"og:description\" content=\"Warum sich eine Madeira-Reise auch zur Nebensaison lohnt, wie man ohne Mietwagen klar kommt, sch\u00f6ne Wanderrouten und die Insel und die Nachhaltigkeit.\" \/>\n<meta property=\"og:url\" content=\"https:\/\/ecobnb.de\/blog\/2019\/02\/madeira-reise\/\" \/>\n<meta property=\"og:site_name\" content=\"Ecobnb\" \/>\n<meta property=\"article:published_time\" content=\"2019-02-22T13:19:34+00:00\" \/>\n<meta property=\"article:modified_time\" content=\"2025-11-10T16:44:17+00:00\" \/>\n<meta property=\"og:image\" content=\"https:\/\/ecobnb.de\/blog\/app\/uploads\/sites\/4\/2019\/02\/test-pico.jpg\" \/>\n\t<meta property=\"og:image:width\" content=\"1481\" \/>\n\t<meta property=\"og:image:height\" content=\"695\" \/>\n\t<meta property=\"og:image:type\" content=\"image\/jpeg\" \/>\n<meta name=\"author\" content=\"Ecobnb\" \/>\n<meta name=\"twitter:card\" content=\"summary_large_image\" \/>\n<meta name=\"twitter:label1\" content=\"Written by\" \/>\n\t<meta name=\"twitter:data1\" content=\"Ecobnb\" \/>\n\t<meta name=\"twitter:label2\" content=\"Est. reading time\" \/>\n\t<meta name=\"twitter:data2\" content=\"8 minutes\" \/>\n<!-- \/ Yoast SEO plugin. -->","yoast_head_json":{"title":"Madeira im Februar \u2013 eine Insel-Reise zur Nebensaison - Ecobnb","description":"Warum sich eine Madeira-Reise auch zur Nebensaison lohnt, wie man ohne Mietwagen klar kommt, sch\u00f6ne Wanderrouten und die Insel und die Nachhaltigkeit.","robots":{"index":"index","follow":"follow","max-snippet":"max-snippet:-1","max-image-preview":"max-image-preview:large","max-video-preview":"max-video-preview:-1"},"canonical":"https:\/\/ecobnb.de\/blog\/2019\/02\/madeira-reise\/","og_locale":"de_DE","og_type":"article","og_title":"Madeira im Februar \u2013 eine Insel-Reise zur Nebensaison - Ecobnb","og_description":"Warum sich eine Madeira-Reise auch zur Nebensaison lohnt, wie man ohne Mietwagen klar kommt, sch\u00f6ne Wanderrouten und die Insel und die Nachhaltigkeit.","og_url":"https:\/\/ecobnb.de\/blog\/2019\/02\/madeira-reise\/","og_site_name":"Ecobnb","article_published_time":"2019-02-22T13:19:34+00:00","article_modified_time":"2025-11-10T16:44:17+00:00","og_image":[{"width":1481,"height":695,"url":"https:\/\/ecobnb.de\/blog\/app\/uploads\/sites\/4\/2019\/02\/test-pico.jpg","type":"image\/jpeg"}],"author":"Ecobnb","twitter_card":"summary_large_image","twitter_misc":{"Written by":"Ecobnb","Est. reading time":"8 minutes"},"schema":{"@context":"https:\/\/schema.org","@graph":[{"@type":"WebPage","@id":"https:\/\/ecobnb.de\/blog\/2019\/02\/madeira-reise\/","url":"https:\/\/ecobnb.de\/blog\/2019\/02\/madeira-reise\/","name":"Madeira im Februar \u2013 eine Insel-Reise zur Nebensaison - Ecobnb","isPartOf":{"@id":"https:\/\/ecobnb.de\/blog\/#website"},"datePublished":"2019-02-22T13:19:34+00:00","dateModified":"2025-11-10T16:44:17+00:00","author":{"@id":"https:\/\/ecobnb.de\/blog\/#\/schema\/person\/478ae1c9128831fad457171d43570f26"},"description":"Warum sich eine Madeira-Reise auch zur Nebensaison lohnt, wie man ohne Mietwagen klar kommt, sch\u00f6ne Wanderrouten und die Insel und die Nachhaltigkeit.","breadcrumb":{"@id":"https:\/\/ecobnb.de\/blog\/2019\/02\/madeira-reise\/#breadcrumb"},"inLanguage":"de-DE","potentialAction":[{"@type":"ReadAction","target":["https:\/\/ecobnb.de\/blog\/2019\/02\/madeira-reise\/"]}]},{"@type":"BreadcrumbList","@id":"https:\/\/ecobnb.de\/blog\/2019\/02\/madeira-reise\/#breadcrumb","itemListElement":[{"@type":"ListItem","position":1,"name":"Home","item":"https:\/\/ecobnb.de\/blog\/"},{"@type":"ListItem","position":2,"name":"Madeira im Februar \u2013 eine Insel-Reise zur Nebensaison"}]},{"@type":"WebSite","@id":"https:\/\/ecobnb.de\/blog\/#website","url":"https:\/\/ecobnb.de\/blog\/","name":"Ecobnb","description":"Find sustainable accommodation","potentialAction":[{"@type":"SearchAction","target":{"@type":"EntryPoint","urlTemplate":"https:\/\/ecobnb.de\/blog\/?s={search_term_string}"},"query-input":"required name=search_term_string"}],"inLanguage":"de-DE"},{"@type":"Person","@id":"https:\/\/ecobnb.de\/blog\/#\/schema\/person\/478ae1c9128831fad457171d43570f26","name":"Ecobnb","image":{"@type":"ImageObject","inLanguage":"de-DE","@id":"https:\/\/ecobnb.de\/blog\/#\/schema\/person\/image\/","url":"https:\/\/secure.gravatar.com\/avatar\/149b86f5f7c7e1007bf40f3e55531add?s=96&d=monsterid&r=g","contentUrl":"https:\/\/secure.gravatar.com\/avatar\/149b86f5f7c7e1007bf40f3e55531add?s=96&d=monsterid&r=g","caption":"Ecobnb"},"description":"Este art\u00edculo fue publicado por el equipo editorial de Ecobnb.","sameAs":["https:\/\/ecobnb.com"],"url":"https:\/\/ecobnb.de\/blog\/author\/ecobnbediting\/"}]}},"_links":{"self":[{"href":"https:\/\/ecobnb.de\/blog\/wp-json\/wp\/v2\/posts\/3860"}],"collection":[{"href":"https:\/\/ecobnb.de\/blog\/wp-json\/wp\/v2\/posts"}],"about":[{"href":"https:\/\/ecobnb.de\/blog\/wp-json\/wp\/v2\/types\/post"}],"author":[{"embeddable":true,"href":"https:\/\/ecobnb.de\/blog\/wp-json\/wp\/v2\/users\/42"}],"replies":[{"embeddable":true,"href":"https:\/\/ecobnb.de\/blog\/wp-json\/wp\/v2\/comments?post=3860"}],"version-history":[{"count":4,"href":"https:\/\/ecobnb.de\/blog\/wp-json\/wp\/v2\/posts\/3860\/revisions"}],"predecessor-version":[{"id":5039,"href":"https:\/\/ecobnb.de\/blog\/wp-json\/wp\/v2\/posts\/3860\/revisions\/5039"}],"wp:featuredmedia":[{"embeddable":true,"href":"https:\/\/ecobnb.de\/blog\/wp-json\/wp\/v2\/media\/3915"}],"wp:attachment":[{"href":"https:\/\/ecobnb.de\/blog\/wp-json\/wp\/v2\/media?parent=3860"}],"wp:term":[{"taxonomy":"category","embeddable":true,"href":"https:\/\/ecobnb.de\/blog\/wp-json\/wp\/v2\/categories?post=3860"},{"taxonomy":"post_tag","embeddable":true,"href":"https:\/\/ecobnb.de\/blog\/wp-json\/wp\/v2\/tags?post=3860"}],"curies":[{"name":"wp","href":"https:\/\/api.w.org\/{rel}","templated":true}]}}