{"id":7005,"date":"2026-04-25T17:52:29","date_gmt":"2026-04-25T15:52:29","guid":{"rendered":"https:\/\/ecobnb.de\/blog\/?p=7005"},"modified":"2026-04-25T17:53:55","modified_gmt":"2026-04-25T15:53:55","slug":"nachhaltigkeit-ca-del-buio-finale-ligure","status":"publish","type":"post","link":"https:\/\/ecobnb.de\/blog\/2026\/04\/nachhaltigkeit-ca-del-buio-finale-ligure\/","title":{"rendered":"Nachhaltigkeit am Fu\u00dfe der ligurischen Alpen: Interview mit C\u00e0 del Buio"},"content":{"rendered":"\n<h2>Ein altes Bauernhaus aus dem 15. Jahrhundert, das in ein umweltfreundliches B&amp;B zwischen Meer und Bergen umgewandelt wurde. Hier wird die Nachhaltigkeit zu einer t\u00e4glichen Erfahrung.<\/h2>\n\n\n\n<p>In den H\u00fcgeln hinter Finale Ligure entsteht <a href=\"https:\/\/ecobnb.de\/IT-province-of-savona\/bed-breakfast\/ca-del-buio-eco-b-b\/kKcjx\" target=\"_blank\" rel=\"noreferrer noopener\">C\u00e0 del Buio Eco B&amp;B<\/a>, wo die Stille des Waldes auf das Licht des Mittelmeers trifft. Das ist ein Bauernhaus aus dem 15. Jahrhundert, das als nachhaltiges Gastfreundschaftsprojekt wiedergeboren wurde. <\/p>\n\n\n\n<p>Hier haben<strong> Rosa und Paolo<\/strong> ein verlassenes Geb\u00e4ude in einen Ort verwandelt, an dem Architektur, Natur und bewusste Entscheidungen im Gleichgewicht miteinander leben. In dieser friedlichen Ecke in <strong>Perti<\/strong> kann man eine <strong>tiefe Verbindung mit der Natur<\/strong> erleben. Au\u00dferdem entdeckt man hier ein <strong>Gebiet voller tausend \u00dcberraschungen<\/strong>. Von pr\u00e4historischen H\u00f6hlen bis hin zu bizarren Schl\u00f6ssern. Von unber\u00fchrten Str\u00e4nden bis hin zu tausendj\u00e4hrigen Kirchen. <\/p>\n\n\n\n<p>In diesem Interview erz\u00e4hlen Rosa und Paolo von dem Weg, der zu ihnen gef\u00fchrt hat, die Stadt zu verlassen. Ihr Ziel war es, die Idee einer <strong><a href=\"https:\/\/ecobnb.de\/blog\/2025\/11\/reiseziele-italien-entspanntes-nachhaltiges-reisen\/\" target=\"_blank\" rel=\"noreferrer noopener\">langsameren, essenzielleren und n\u00e4her am Gebiet<\/a><\/strong> der ligurischen Alpen gelegenen <strong>Gastfreundschaft<\/strong> zu verwirklichen. <\/p>\n\n\n\n<figure class=\"wp-block-image size-large\"><img width=\"870\" height=\"490\" src=\"https:\/\/ecobnb.de\/blog\/app\/uploads\/sites\/4\/2026\/04\/famiglia-870x490.png\" alt=\"Fotos der Gastfamilie, Blick auf Ca' del Buio und Fotos des Sternenhimmels bei Nacht \" class=\"wp-image-7011\" srcset=\"https:\/\/ecobnb.de\/blog\/app\/uploads\/sites\/4\/2026\/04\/famiglia-870x490.png 870w, https:\/\/ecobnb.de\/blog\/app\/uploads\/sites\/4\/2026\/04\/famiglia-536x302.png 536w, https:\/\/ecobnb.de\/blog\/app\/uploads\/sites\/4\/2026\/04\/famiglia-768x432.png 768w, https:\/\/ecobnb.de\/blog\/app\/uploads\/sites\/4\/2026\/04\/famiglia-570x320.png 570w, https:\/\/ecobnb.de\/blog\/app\/uploads\/sites\/4\/2026\/04\/famiglia-344x194.png 344w, https:\/\/ecobnb.de\/blog\/app\/uploads\/sites\/4\/2026\/04\/famiglia.png 1536w\" sizes=\"(max-width: 870px) 100vw, 870px\" \/><figcaption>Rosa, Cecilia, Paolo und Ca&#8216; del Buio<\/figcaption><\/figure>\n\n\n\n<h3>Wann und wie entstand C\u00e0 del Buio Eco B&amp;B?<\/h3>\n\n\n\n<p>C\u00e0 del Buio Eco B&amp;B ist eine sehr junge Struktur, gerade erst geboren, weil die ersten G\u00e4ste bei uns im Juli 2023 \u00fcbernachtet haben. Die Idee entstand jedoch f\u00fcnf Jahre fr\u00fcher. Es gab einige andere Faktoren, die Rosa und mich zu verschiedenen <strong>Ver\u00e4nderungen<\/strong> f\u00fchrten. <\/p>\n\n\n\n<p>Wir wohnten in der Stadt Genua. Rosa war Umweltwissenschaftlerin und unterrichtete an einer Grundschule in einem der bev\u00f6lkerungsreichen und chaotischsten Stadtteile im Westen der Stadt. Trotzdem hatte sie den Wunsch, aus dieser Welt herauszutreten. Ich war nunmehr 25 Jahren Tag und Nacht in die unternehmerische T\u00e4tigkeit eingetaucht, die der Herstellung und dem Verkauf von <strong>nat\u00fcrlichen und biologischen Kosmetika <\/strong>gewidmet ist. Die Marke war in allen Superm\u00e4rkte erh\u00e4ltlich, aber die Dynamik dieses Vertriebskanals stand im Widerspruch zu den Werten, die wir f\u00f6rdern wollten. <\/p>\n\n\n\n<p>Au\u00dferdem, kurz danach, w\u00e4re unsere Tochter Cecilia geboren worden und wir waren keine Kinder mehr. Daher war es der richtige Zeitpunkt, um ein <strong>neues Abenteuer<\/strong> zu beginnen! Wir haben in<strong> Finale Ligure<\/strong> den idealen Ort gefunden, um es auszuprobieren. Das Meer, das Rosa so sehr gef\u00e4llt, ist immer da und hat seit vielen Jahren die <a href=\"https:\/\/ecobnb.de\/blog\/2019\/04\/urlaub-meeresschutz-beitragen\/\" target=\"_blank\" rel=\"noreferrer noopener\">Blaue Flagge Europas<\/a> gewonnen. Doch direkt hinter dem Meer liegen W\u00e4lder und <strong>Berge<\/strong>, die mich meinem pers\u00f6nlichen &#8222;alpinen Traum&#8220; n\u00e4herbringen. <\/p>\n\n\n\n<figure class=\"wp-block-image size-large\"><img width=\"870\" height=\"490\" src=\"https:\/\/ecobnb.de\/blog\/app\/uploads\/sites\/4\/2026\/04\/finale-ligure-870x490.png\" alt=\"Blick auf den Strand von Finale Ligure mit dem blauen Meer und der Stadt\" class=\"wp-image-7012\" srcset=\"https:\/\/ecobnb.de\/blog\/app\/uploads\/sites\/4\/2026\/04\/finale-ligure-870x490.png 870w, https:\/\/ecobnb.de\/blog\/app\/uploads\/sites\/4\/2026\/04\/finale-ligure-536x301.png 536w, https:\/\/ecobnb.de\/blog\/app\/uploads\/sites\/4\/2026\/04\/finale-ligure-570x320.png 570w, https:\/\/ecobnb.de\/blog\/app\/uploads\/sites\/4\/2026\/04\/finale-ligure-344x193.png 344w\" sizes=\"(max-width: 870px) 100vw, 870px\" \/><figcaption>Finale Ligure, Foto von CucombreLibre aus New York, NY, USA<\/figcaption><\/figure>\n\n\n\n<p>In diesem Kontext haben wir uns in ein wundersch\u00f6nes <strong>Bauernhaus<\/strong> verliebt, das seit Jahrzehnten verlassen ist. Sie liegt im ersten Hinterland von Finale Ligure in einem kleinen, <strong>unber\u00fchrten<\/strong> Tal, und ist von der Natur und einer <strong>uralten Landschaft<\/strong> umgeben. Nach vier Jahren der Planung, Genehmigungen und einer komplizierten Baustelle ist C\u00e0 del Buio Eco B&amp;B zu unserem Haus geworden. Sie ist sowie ein Beherbergungsbetrieb, in dem alles von <strong>Kreislaufwirtschaft<\/strong>, <strong>Erneuerbarkeit<\/strong> und <strong>Nachhaltigkeit<\/strong> spricht, beginnend mit seiner Renovierung. <\/p>\n\n\n\n<figure class=\"wp-block-image size-large\"><img width=\"870\" height=\"490\" src=\"https:\/\/ecobnb.de\/blog\/app\/uploads\/sites\/4\/2026\/04\/costruzione-870x490.png\" alt=\"Historisches Foto des Hauses aus Steinen in den 40ern und dann Fotos der Renovierung in 2020 und 2022\" class=\"wp-image-7013\" srcset=\"https:\/\/ecobnb.de\/blog\/app\/uploads\/sites\/4\/2026\/04\/costruzione-870x490.png 870w, https:\/\/ecobnb.de\/blog\/app\/uploads\/sites\/4\/2026\/04\/costruzione-536x302.png 536w, https:\/\/ecobnb.de\/blog\/app\/uploads\/sites\/4\/2026\/04\/costruzione-768x432.png 768w, https:\/\/ecobnb.de\/blog\/app\/uploads\/sites\/4\/2026\/04\/costruzione-1536x865.png 1536w, https:\/\/ecobnb.de\/blog\/app\/uploads\/sites\/4\/2026\/04\/costruzione-570x320.png 570w, https:\/\/ecobnb.de\/blog\/app\/uploads\/sites\/4\/2026\/04\/costruzione-344x194.png 344w, https:\/\/ecobnb.de\/blog\/app\/uploads\/sites\/4\/2026\/04\/costruzione.png 1538w\" sizes=\"(max-width: 870px) 100vw, 870px\" \/><figcaption>Das Haus in den 40ern, 2020 und 2022<\/figcaption><\/figure>\n\n\n\n<h3>Welche Nachhaltigkeitsmerkmale haben Sie \u00fcbernommen?<\/h3>\n\n\n\n<p>Wir haben versucht, das Projekt von Anfang an <strong>nachhaltig<\/strong> anzugehen. Die Entscheidung, ein verlassenes Geb\u00e4ude aus dem 15. Jahrhundert zu renovieren, wurde von diesem Prinzip geleitet: das <strong>wiederherzustellen<\/strong>, was bereits existiert. Indem wollten wir vermeiden, zus\u00e4tzlichen Boden zu verbrauchen und einen Ort <strong>wiederbeleben<\/strong>, der viele Leben gesehen hat. Wir wollte, das diejenige, die dieses Haus bereits kannten, es auch nach der Renovierung wieder erkennen k\u00f6nnten. <\/p>\n\n\n\n<figure class=\"wp-block-image size-large\"><img width=\"870\" height=\"490\" src=\"https:\/\/ecobnb.de\/blog\/app\/uploads\/sites\/4\/2026\/04\/camera1-870x490.png\" alt=\"Bilder des Zimmers &quot;Legno&quot; (Holz) mit Holzdetails \" class=\"wp-image-7014\" srcset=\"https:\/\/ecobnb.de\/blog\/app\/uploads\/sites\/4\/2026\/04\/camera1-870x490.png 870w, https:\/\/ecobnb.de\/blog\/app\/uploads\/sites\/4\/2026\/04\/camera1-536x301.png 536w, https:\/\/ecobnb.de\/blog\/app\/uploads\/sites\/4\/2026\/04\/camera1-570x320.png 570w, https:\/\/ecobnb.de\/blog\/app\/uploads\/sites\/4\/2026\/04\/camera1-344x193.png 344w\" sizes=\"(max-width: 870px) 100vw, 870px\" \/><figcaption>Zimmer &#8222;Legno&#8220; (Holz)<\/figcaption><\/figure>\n\n\n\n<p>Gleichzeitig wollten wir seine <strong>Modernit\u00e4t<\/strong> auf Gesundheit, <strong>Effizienz<\/strong> und <strong>Energie<\/strong> verbessern. Wir haben mit der Konservierung der bestehenden Materialen begonnen, indem wir Steine, Schalen, Balken und Holz zur\u00fcckgewonnen haben. Wir haben <strong>lokale Lieferanten<\/strong> f\u00fcr Holz und Steingut angerufen, nat\u00fcrliche Baumaterialien wie hydraulischer Kalk anstelle von Zement verwendet und eine <strong>effiziente Isolierung <\/strong>gew\u00e4hrleistet. Dies hat keinen Einfluss auf das Erscheinungsbild des Geb\u00e4udes. <\/p>\n\n\n\n<figure class=\"wp-block-image size-large\"><img width=\"870\" height=\"490\" src=\"https:\/\/ecobnb.de\/blog\/app\/uploads\/sites\/4\/2026\/04\/camera2-870x490.png\" alt=\"Zimmer &quot;Ferro&quot; (Eisen) mit Eisendetails und gr\u00fcne Dekorationen\" class=\"wp-image-7015\" srcset=\"https:\/\/ecobnb.de\/blog\/app\/uploads\/sites\/4\/2026\/04\/camera2-870x490.png 870w, https:\/\/ecobnb.de\/blog\/app\/uploads\/sites\/4\/2026\/04\/camera2-536x302.png 536w, https:\/\/ecobnb.de\/blog\/app\/uploads\/sites\/4\/2026\/04\/camera2-768x432.png 768w, https:\/\/ecobnb.de\/blog\/app\/uploads\/sites\/4\/2026\/04\/camera2-570x320.png 570w, https:\/\/ecobnb.de\/blog\/app\/uploads\/sites\/4\/2026\/04\/camera2-344x194.png 344w, https:\/\/ecobnb.de\/blog\/app\/uploads\/sites\/4\/2026\/04\/camera2.png 1536w\" sizes=\"(max-width: 870px) 100vw, 870px\" \/><figcaption>Zimmer &#8222;Ferro&#8220; (Eisen)<\/figcaption><\/figure>\n\n\n\n<p>Die Fenster wurden von einer <strong>Handwerksfirma<\/strong> aus <strong>lokalem Kastanienholz<\/strong> mit Doppelverglasung, Argon und Sonnenschutz hergestellt. Eine 6,5 kW Photovoltaikanlage wurde installiert, um die Energieunabh\u00e4ngigkeit zu maximieren. Au\u00dferdem beziehen wir <strong>100% erneuerbare Energie<\/strong>, um den verbleibenden Energiebedarf auszugleichen, und arbeiten mit der Energiegenossenschaft <a href=\"https:\/\/ecobnb.it\/blog\/partner-convenzionati\/\" target=\"_blank\" rel=\"noreferrer noopener\">\u00e8nostra<\/a> zusammen. <\/p>\n\n\n\n<figure class=\"wp-block-image size-large\"><img width=\"870\" height=\"490\" src=\"https:\/\/ecobnb.de\/blog\/app\/uploads\/sites\/4\/2026\/04\/camera3-870x490.png\" alt=\"Zimmer &quot;Pietra&quot; (Stein) mit Steindetails und beige Dekorationen\" class=\"wp-image-7016\" srcset=\"https:\/\/ecobnb.de\/blog\/app\/uploads\/sites\/4\/2026\/04\/camera3-870x490.png 870w, https:\/\/ecobnb.de\/blog\/app\/uploads\/sites\/4\/2026\/04\/camera3-536x301.png 536w, https:\/\/ecobnb.de\/blog\/app\/uploads\/sites\/4\/2026\/04\/camera3-570x320.png 570w, https:\/\/ecobnb.de\/blog\/app\/uploads\/sites\/4\/2026\/04\/camera3-344x193.png 344w\" sizes=\"(max-width: 870px) 100vw, 870px\" \/><figcaption>Zimmer &#8222;Pietra&#8220; (Stein)<\/figcaption><\/figure>\n\n\n\n<p><strong>Energiesparende<\/strong> LED-Beleuchtung und Beleuchtungssensoren helfen uns, <strong>Verschwendung zu reduzieren<\/strong>. Die Fu\u00dfbodenheizung mit niedriger Temperatur, angetrieben durch eine hocheffiziente W\u00e4rmepumpe, sorgt f\u00fcr optimalen thermischen Komfort. Danach tr\u00e4gt ein kontrolliertes mechanisches Bel\u00fcftungssystem (VMC) zur Aufrechterhaltung der Luftqualit\u00e4t bei. <\/p>\n\n\n\n<p>Wir haben auch Ma\u00dfnahmen zur <strong>effizienten Wassernutzung <\/strong>wie Durchflussminderer und Systeme zur R\u00fcckgewinnung ergriffen. F\u00fcr die M\u00f6bel haben wir das Prinzip der drei italienische R (Wiederherstellen, Wiederverwenden, Recycling) befolgt und Materialen verwendet, die w\u00e4hrend der Renovierung zur\u00fcckgewonnen wurden. Heute hat sich C\u00e0 del Buio Eco B&amp;B von G-Klasse in die A4-Klasse umgestellt, obwohl sie ihr urspr\u00fcngliches Aussehen beibeh\u00e4lt. Sie hat auch die <strong>Zertifizierungen Casa Clima und Casa Clima Welcome<\/strong> gewonnen. <\/p>\n\n\n\n<p>Dar\u00fcber hinaus \u00fcbernehmen wir auch im Management des B&amp;B <a href=\"https:\/\/ecobnb.de\/blog\/2024\/03\/geschenkgutschein-reisen-nachhaltigkeit-erleben\/\" target=\"_blank\" rel=\"noreferrer noopener\">nachhaltige Praktiken<\/a>, wie die Beseitigung von Plastikflaschen f\u00fcr das Wasser und der Vorschlag von Kosmetika in wiederverwendbaren Spendern. Wir haben uns entschieden, Mitglied der Banca Etica zu werden, um eine solidarische und nachhaltige Wirtschaft zu f\u00f6rdern. <\/p>\n\n\n\n<figure class=\"wp-block-image size-large\"><img width=\"870\" height=\"490\" src=\"https:\/\/ecobnb.de\/blog\/app\/uploads\/sites\/4\/2026\/04\/certificazione-870x490.png\" alt=\"Bild den Gastgebern mit der Zertifizierung und Bilder der Renovierung mit Photovoltaikanlage und anderen nachhaltigen Projekte\" class=\"wp-image-7017\" srcset=\"https:\/\/ecobnb.de\/blog\/app\/uploads\/sites\/4\/2026\/04\/certificazione-870x490.png 870w, https:\/\/ecobnb.de\/blog\/app\/uploads\/sites\/4\/2026\/04\/certificazione-536x302.png 536w, https:\/\/ecobnb.de\/blog\/app\/uploads\/sites\/4\/2026\/04\/certificazione-768x432.png 768w, https:\/\/ecobnb.de\/blog\/app\/uploads\/sites\/4\/2026\/04\/certificazione-1536x865.png 1536w, https:\/\/ecobnb.de\/blog\/app\/uploads\/sites\/4\/2026\/04\/certificazione-570x320.png 570w, https:\/\/ecobnb.de\/blog\/app\/uploads\/sites\/4\/2026\/04\/certificazione-344x194.png 344w, https:\/\/ecobnb.de\/blog\/app\/uploads\/sites\/4\/2026\/04\/certificazione.png 1538w\" sizes=\"(max-width: 870px) 100vw, 870px\" \/><figcaption>Zertifizierungen Casa Clima und Casa Clima Welcome<\/figcaption><\/figure>\n\n\n\n<h3>Welche Erlebnisse sch\u00e4tzen die G\u00e4ste am meisten?<\/h3>\n\n\n\n<p>Wie schon gesagt, der <strong>Ort<\/strong>, an dem das Cascina del Buio liegt, ist kaum von Menschen besiedelt, obwohl es nur 10 Minuten mit dem Auto von <strong>Finalborgo<\/strong> (einem der sch\u00f6nsten D\u00f6rfer Italiens) und 15 Minuten von den Str\u00e4nden von Finalmarina entfernt ist. <\/p>\n\n\n\n<figure class=\"wp-block-image size-large\"><img width=\"870\" height=\"490\" src=\"https:\/\/ecobnb.de\/blog\/app\/uploads\/sites\/4\/2026\/04\/finalborgo-870x490.png\" alt=\"Bilder von Finalborgo mit alten Geb\u00e4uden und das Blick auf Meer\" class=\"wp-image-7018\" srcset=\"https:\/\/ecobnb.de\/blog\/app\/uploads\/sites\/4\/2026\/04\/finalborgo-870x490.png 870w, https:\/\/ecobnb.de\/blog\/app\/uploads\/sites\/4\/2026\/04\/finalborgo-536x303.png 536w, https:\/\/ecobnb.de\/blog\/app\/uploads\/sites\/4\/2026\/04\/finalborgo-570x320.png 570w, https:\/\/ecobnb.de\/blog\/app\/uploads\/sites\/4\/2026\/04\/finalborgo-344x195.png 344w\" sizes=\"(max-width: 870px) 100vw, 870px\" \/><figcaption>Finalborgo, eines der sch\u00f6nsten D\u00f6rfer Italiens, Foto via Canva PRO<\/figcaption><\/figure>\n\n\n\n<p>Ich sage allen, die zu uns kommen oder uns einfach nur besuchen, dass man diesen Ort gut versteht, wenn man dort schl\u00e4ft, weil die <strong>Erfahrung der Dunkelheit<\/strong> das erste ist, was man ber\u00fchrt. Es gibt keine <strong>Lichtverschmutzung<\/strong> und der Sternenhimmel scheint zu ber\u00fchren. In den Mondn\u00e4chten erf\u00e4hrt man au\u00dferdem, dass man auch im Schatten der Grashalme einen Namen geben kann. <\/p>\n\n\n\n<figure class=\"wp-block-image size-large\"><img width=\"870\" height=\"490\" src=\"https:\/\/ecobnb.de\/blog\/app\/uploads\/sites\/4\/2026\/04\/ca-del-buio-870x490.png\" alt=\"Blick auf Ca' del Buio in der Sonnenuntergang, mit Lichter und viele gr\u00fcne B\u00e4ume\" class=\"wp-image-7019\" srcset=\"https:\/\/ecobnb.de\/blog\/app\/uploads\/sites\/4\/2026\/04\/ca-del-buio-870x490.png 870w, https:\/\/ecobnb.de\/blog\/app\/uploads\/sites\/4\/2026\/04\/ca-del-buio-536x301.png 536w, https:\/\/ecobnb.de\/blog\/app\/uploads\/sites\/4\/2026\/04\/ca-del-buio-1536x863.png 1536w, https:\/\/ecobnb.de\/blog\/app\/uploads\/sites\/4\/2026\/04\/ca-del-buio-570x320.png 570w, https:\/\/ecobnb.de\/blog\/app\/uploads\/sites\/4\/2026\/04\/ca-del-buio-344x193.png 344w, https:\/\/ecobnb.de\/blog\/app\/uploads\/sites\/4\/2026\/04\/ca-del-buio.png 1538w\" sizes=\"(max-width: 870px) 100vw, 870px\" \/><figcaption>Ca&#8216; del Buio<\/figcaption><\/figure>\n\n\n\n<p>Ein weiteres beeindruckendes nat\u00fcrliches Element ist die <strong>Stille<\/strong>. Eine Stille, die man die Ger\u00e4usche der Natur, des Windes und des Waldes entdecken l\u00e4sst. Es ist ein Zauber, vor allem f\u00fcr diejenigen aus der Stadt. <\/p>\n\n\n\n<p>All dies l\u00e4sst sich vielleicht in einem einzigen Wort zusammenfassen, in einer einzigen Erfahrung: der Friede. <\/p>\n\n\n\n<p>Ein weiteres besonders gesch\u00e4tztes Element ist die &#8222;Zentralit\u00e4t des Ortes&#8220; gegen\u00fcber den <strong>Aktivit\u00e4ten drau\u00dfen<\/strong>, von denen das Gebiet der Finalese eine Hauptstadt darstellt. <\/p>\n\n\n\n<figure class=\"wp-block-image size-large\"><img width=\"870\" height=\"490\" src=\"https:\/\/ecobnb.de\/blog\/app\/uploads\/sites\/4\/2026\/04\/attivita-870x490.png\" alt=\"Bilder \u00fcber Aktivit\u00e4ten wie Radfahren, Klettern und Wandern\" class=\"wp-image-7020\" srcset=\"https:\/\/ecobnb.de\/blog\/app\/uploads\/sites\/4\/2026\/04\/attivita-870x490.png 870w, https:\/\/ecobnb.de\/blog\/app\/uploads\/sites\/4\/2026\/04\/attivita-536x301.png 536w, https:\/\/ecobnb.de\/blog\/app\/uploads\/sites\/4\/2026\/04\/attivita-570x320.png 570w, https:\/\/ecobnb.de\/blog\/app\/uploads\/sites\/4\/2026\/04\/attivita-344x193.png 344w\" sizes=\"(max-width: 870px) 100vw, 870px\" \/><\/figure>\n\n\n\n<p>Wenn du auf der Suche nach einem Ort bist, an dem du Aktivit\u00e4ten im Freien aus\u00fcben kannst, komm du in C\u00e0 del Buio an, park du dein Auto und, wenn du m\u00f6chtest, r\u00fchr du es tagelang nicht an. <\/p>\n\n\n\n<p>Von zu Hause aus beginnt der <strong>Weg<\/strong>, der in wenigen Minuten zu einigen der ber\u00fchmtesten Kletterfelsen der <strong>Rocca di Perti <\/strong>oder Montesordo f\u00fchrt. Sie sind Ziele, die alle europ\u00e4ischen Kletterer tr\u00e4umen. Diese Route schl\u00e4ngelt sich dann durch ein Wandernetz. Es erm\u00f6glicht dir, in die Natur einzutauchen und atemberaubende Ausblicke auf den Gipfel des Meeres zu genie\u00dfen. Hier kannst du Neandertalern bewohnte H\u00f6hlen, byzantinische und mittelalterliche <strong>Burgen<\/strong> sowie <strong>tausendj\u00e4hrige Kirchen <\/strong>besuchen. <\/p>\n\n\n\n<p>Wenn du einfach aus dem Zimmer kommt, kannst du auf dein <a href=\"https:\/\/ecobnb.de\/blog\/2025\/05\/blumenriviera-imperia-sanremo-fahrrad-italien\/\" target=\"_blank\" rel=\"noreferrer noopener\"><strong>Mountain Bike<\/strong> <\/a>steigen und eines der gr\u00f6\u00dften und abwechslungsreichsten Routennetze Europas erreichen. Du kannst auch eine Seilbahn f\u00fcr Downhill oder Freeride kaufen, Enduro oder Cross Country fahren. Finale Ligure ist die j\u00e4hrliche Etappe des MTB Enduro World Cup. <\/p>\n\n\n\n<h3>Welche Orte und langsamen Routen empfehlen Sie, in der N\u00e4he nicht zu verpassen?<\/h3>\n\n\n\n<p>F\u00fcr jeden Geschmack ist etwas dabei. Wenn du diese Gebiete zum ersten Mal besuchst und die Seele und <strong>Bedeutung der umliegenden Orte<\/strong> verstehen m\u00f6chtest, empfehle ich dir, die ersten Stunden im <a href=\"https:\/\/www.museoarcheologicodelfinale.it\" target=\"_blank\" rel=\"noreferrer noopener\">Museo Archeologico del Finale<\/a> in Finalborgo zu verbringen. Dieses kleine Juwel bietet dem Besucher in kurzer Zeit ein einfaches Verst\u00e4ndnis der geologischen, nat\u00fcrlichen und menschlichen Geschichte, die diesen Teil von Ligurien gepr\u00e4gt hat. <\/p>\n\n\n\n<p>An diesem Punkt wird die Erkundung der Region bedeutungsreicher, faszinierender und fesselnder. <\/p>\n\n\n\n<p>Das Gebiet Perti, wo sich unsere Struktur befindet, ist von einfachen Wegen umgeben. Sie erm\u00f6glichen in kurzer Zeit, einzigartige Orte zu besuchen. Dazu geh\u00f6ren die vom Neandertaler bewohnte H\u00f6hle <strong>Grotta della Pollera<\/strong>, die \u00dcberreste des <strong>byzantinischen Castrum Perticae<\/strong> und die Kirche Sant&#8217;Antonino aus dem 11. Jahrhundert. Au\u00dferdem gibt es die<strong> Grotta dell\u2019Edera<\/strong> und die vielen &#8222;Arme&#8220;. Sie sind H\u00f6hlen, die vom Menschen genutzt werden und sich durch Mauern und faszinierende Portale aus Pietra Rosa di Finale auszeichnen. <\/p>\n\n\n\n<figure class=\"wp-block-image size-large\"><img width=\"870\" height=\"490\" src=\"https:\/\/ecobnb.de\/blog\/app\/uploads\/sites\/4\/2026\/04\/attivita2-870x490.png\" alt=\"Bildern von einer ligurischer Platz, vom Meer und von den H\u00f6hlen\" class=\"wp-image-7021\" srcset=\"https:\/\/ecobnb.de\/blog\/app\/uploads\/sites\/4\/2026\/04\/attivita2-870x490.png 870w, https:\/\/ecobnb.de\/blog\/app\/uploads\/sites\/4\/2026\/04\/attivita2-570x320.png 570w\" sizes=\"(max-width: 870px) 100vw, 870px\" \/><\/figure>\n\n\n\n<p>Mit dem Auto oder <strong>Fahrrad<\/strong> kannst du <strong>Varigotti<\/strong> erreichen und den <strong><a href=\"https:\/\/cuneotrekking.com\/itinerari\/escursioni\/il-sentiero-del-pellegrino-di-varigotti\/\" target=\"_blank\" rel=\"noreferrer noopener\">Pilgerweg<\/a><\/strong> gehen. Er verbindet das sarazenische Dorf mit der Gemeinde Noli, vorbei an symboltr\u00e4chtigen Orten wie die <strong>Grotta dei Falsari<\/strong>. <\/p>\n\n\n\n<p>Du kannst auch eine <strong><a href=\"https:\/\/www.finaleoutdoor.com\/it\/trails-walls\/le-borgate-di-verezzi\" target=\"_blank\" rel=\"noreferrer noopener\">Ringwanderung in Verezzi<\/a><\/strong> machen, die es erm\u00f6glicht, eines der charakteristischsten und malerischsten D\u00f6rfer der Gegend zu besuchen. Du triffst die <strong>Mulino Fenicio<\/strong> und die alten Steinh\u00f6hlen von Verezzi, wo Muscheln und Fossilien sichtbar sind. <\/p>\n\n\n\n<p>Diese einfachen Routen k\u00f6nnen noch interessanter werden, wenn du sie von einem lokalen F\u00fchrer begleitet wird. So k\u00f6nnen wir den G\u00e4sten helfen, ihre Ausfl\u00fcge dank der Zusammenarbeit mit Wanderf\u00fchrern, Umweltf\u00fchrern und botanischen F\u00fchrern zu organisieren. <\/p>\n\n\n\n<p>W\u00e4hrend der Sommer gibt es viele andere Aktivit\u00e4ten. Zum Beispiel kannst du einen Aperitif mit dem Segelboot erleben oder ein erfrischendes Bad im <strong>Cascata delle Libellule Blu<\/strong> machen. <\/p>\n\n\n\n<h3>Was bedeutet es f\u00fcr Sie, Teil der Ecobnb-Community zu sein?<\/h3>\n\n\n\n<p>Ecobnb ist der ideale Partner, um unseren kleinen gastfreundlichen Ort koh\u00e4rent zu f\u00f6rdern. Wir haben uns sehr daf\u00fcr eingesetzt, dass Ca\u2019 del Buio Eco B&amp;B als ein Projekt verwirklicht werden kann, das ein Akteur im <strong>Prozess des Wandels hin zu einer nachhaltigeren Gesellschaft im Tourismussektor <\/strong>wird. Daher denken wir, dass sich der Ansatz damit \u00e4ndern kann, um diesem Ziel gerecht zu werden. <\/p>\n\n\n\n<p>Au\u00dferdem sind wir uns auch sicher, dass der Nachhaltigkeitsansatz ein Weg mit vielen Meilensteinen ist. Wir f\u00fchlen uns daher keineswegs &#8222;angekommen&#8220;: Es kann noch viel mehr getan werden, um die Ressourcen effizienter zu machen. Vor allem wartet den landwirtschaftlichen Teil auf uns. Hier werden die Prinzipien der <strong>biologischen und synergistischen <a href=\"https:\/\/ecobnb.de\/blog\/2026\/01\/regenerative-landwirtschaft-biohof\/\" target=\"_blank\" rel=\"noreferrer noopener\">Landwirtschaft<\/a><\/strong> zentral sein, um den Weg des Ca&#8216; del Buio zur Selbstversorgung ein Glied hinzuzuf\u00fcgen. <\/p>\n\n\n\n<figure class=\"wp-block-image size-large is-resized\"><img src=\"https:\/\/ecobnb.de\/blog\/app\/uploads\/sites\/4\/2026\/04\/ca-del-buio-finale-870x490.png\" alt=\"Blick von oben auf Ca' del Buio, den gr\u00fcnen Wald, der sie umgibt, und das Meer in der Ferne\" class=\"wp-image-7022\" width=\"840\" height=\"473\" srcset=\"https:\/\/ecobnb.de\/blog\/app\/uploads\/sites\/4\/2026\/04\/ca-del-buio-finale-870x490.png 870w, https:\/\/ecobnb.de\/blog\/app\/uploads\/sites\/4\/2026\/04\/ca-del-buio-finale-536x303.png 536w, https:\/\/ecobnb.de\/blog\/app\/uploads\/sites\/4\/2026\/04\/ca-del-buio-finale-570x320.png 570w, https:\/\/ecobnb.de\/blog\/app\/uploads\/sites\/4\/2026\/04\/ca-del-buio-finale-344x194.png 344w, https:\/\/ecobnb.de\/blog\/app\/uploads\/sites\/4\/2026\/04\/ca-del-buio-finale.png 1530w\" sizes=\"(max-width: 840px) 100vw, 840px\" \/><figcaption>Ca&#8216; del Buio Eco B&amp;B und der wundersch\u00f6ne Ort, an dem es sich befindet<\/figcaption><\/figure>\n\n\n\n<p>Wir haben in Ecobnb auch ein Gef\u00fchl der Partnerschaft gefunden. Viele kleine Aktionen machen eine gro\u00dfe aus. Folglich halten wir es f\u00fcr notwendig, dass diejenigen, die im Sinne des Schutzes des Planeten und der Nachhaltigkeit arbeiten, ihren Einfluss erh\u00f6hen k\u00f6nnen, wenn sie sich mit anderen Realit\u00e4ten vernetzen. Das ist die wahre Bedeutung unserer <strong>Mitgliedschaft in der Ecobnb-Community<\/strong>. <\/p>\n","protected":false},"excerpt":{"rendered":"<p>Ein altes Bauernhaus aus dem 15. Jahrhundert, das in ein umweltfreundliches B&amp;B zwischen Meer und Bergen umgewandelt wurde. Hier wird die Nachhaltigkeit zu einer t\u00e4glichen Erfahrung. In den H\u00fcgeln hinter Finale Ligure entsteht C\u00e0 del Buio Eco B&amp;B, wo die Stille des Waldes auf das Licht des Mittelmeers trifft. Das ist ein Bauernhaus aus dem [&hellip;]<\/p>\n","protected":false},"author":196,"featured_media":7010,"comment_status":"closed","ping_status":"closed","sticky":false,"template":"","format":"standard","meta":[],"categories":[114],"tags":[65,416,7,89,424,59,317],"acf":[],"yoast_head":"<!-- This site is optimized with the Yoast SEO plugin v19.9 - https:\/\/yoast.com\/wordpress\/plugins\/seo\/ -->\n<title>Nachhaltigkeit im Ca&#039; del Buio entdecken - Ecobnb<\/title>\n<meta name=\"description\" content=\"Mehr \u00fcber Ca&#039; del Buio durch dieses Interview mit den Gastgebern erfahren, die die Nachhaltigkeit an diesem ligurischen Ort erz\u00e4hlen\" \/>\n<meta name=\"robots\" content=\"index, follow, max-snippet:-1, max-image-preview:large, max-video-preview:-1\" \/>\n<link rel=\"canonical\" href=\"https:\/\/ecobnb.de\/blog\/2026\/04\/nachhaltigkeit-ca-del-buio-finale-ligure\/\" \/>\n<meta property=\"og:locale\" content=\"de_DE\" \/>\n<meta property=\"og:type\" content=\"article\" \/>\n<meta property=\"og:title\" content=\"Nachhaltigkeit im Ca&#039; del Buio entdecken - Ecobnb\" \/>\n<meta property=\"og:description\" content=\"Mehr \u00fcber Ca&#039; del Buio durch dieses Interview mit den Gastgebern erfahren, die die Nachhaltigkeit an diesem ligurischen Ort erz\u00e4hlen\" \/>\n<meta property=\"og:url\" content=\"https:\/\/ecobnb.de\/blog\/2026\/04\/nachhaltigkeit-ca-del-buio-finale-ligure\/\" \/>\n<meta property=\"og:site_name\" content=\"Ecobnb\" \/>\n<meta property=\"article:published_time\" content=\"2026-04-25T15:52:29+00:00\" \/>\n<meta property=\"article:modified_time\" content=\"2026-04-25T15:53:55+00:00\" \/>\n<meta property=\"og:image\" content=\"https:\/\/ecobnb.de\/blog\/app\/uploads\/sites\/4\/2026\/04\/copertina-870x490.png\" \/>\n\t<meta property=\"og:image:width\" content=\"870\" \/>\n\t<meta property=\"og:image:height\" content=\"490\" \/>\n\t<meta property=\"og:image:type\" content=\"image\/png\" \/>\n<meta name=\"author\" content=\"Elisa Peron\" \/>\n<meta name=\"twitter:card\" content=\"summary_large_image\" \/>\n<meta name=\"twitter:label1\" content=\"Written by\" \/>\n\t<meta name=\"twitter:data1\" content=\"Elisa Peron\" \/>\n\t<meta name=\"twitter:label2\" content=\"Est. reading time\" \/>\n\t<meta name=\"twitter:data2\" content=\"12 minutes\" \/>\n<!-- \/ Yoast SEO plugin. -->","yoast_head_json":{"title":"Nachhaltigkeit im Ca' del Buio entdecken - Ecobnb","description":"Mehr \u00fcber Ca' del Buio durch dieses Interview mit den Gastgebern erfahren, die die Nachhaltigkeit an diesem ligurischen Ort erz\u00e4hlen","robots":{"index":"index","follow":"follow","max-snippet":"max-snippet:-1","max-image-preview":"max-image-preview:large","max-video-preview":"max-video-preview:-1"},"canonical":"https:\/\/ecobnb.de\/blog\/2026\/04\/nachhaltigkeit-ca-del-buio-finale-ligure\/","og_locale":"de_DE","og_type":"article","og_title":"Nachhaltigkeit im Ca' del Buio entdecken - Ecobnb","og_description":"Mehr \u00fcber Ca' del Buio durch dieses Interview mit den Gastgebern erfahren, die die Nachhaltigkeit an diesem ligurischen Ort erz\u00e4hlen","og_url":"https:\/\/ecobnb.de\/blog\/2026\/04\/nachhaltigkeit-ca-del-buio-finale-ligure\/","og_site_name":"Ecobnb","article_published_time":"2026-04-25T15:52:29+00:00","article_modified_time":"2026-04-25T15:53:55+00:00","og_image":[{"width":870,"height":490,"url":"https:\/\/ecobnb.de\/blog\/app\/uploads\/sites\/4\/2026\/04\/copertina-870x490.png","type":"image\/png"}],"author":"Elisa Peron","twitter_card":"summary_large_image","twitter_misc":{"Written by":"Elisa Peron","Est. reading time":"12 minutes"},"schema":{"@context":"https:\/\/schema.org","@graph":[{"@type":"WebPage","@id":"https:\/\/ecobnb.de\/blog\/2026\/04\/nachhaltigkeit-ca-del-buio-finale-ligure\/","url":"https:\/\/ecobnb.de\/blog\/2026\/04\/nachhaltigkeit-ca-del-buio-finale-ligure\/","name":"Nachhaltigkeit im Ca' del Buio entdecken - Ecobnb","isPartOf":{"@id":"https:\/\/ecobnb.de\/blog\/#website"},"datePublished":"2026-04-25T15:52:29+00:00","dateModified":"2026-04-25T15:53:55+00:00","author":{"@id":"https:\/\/ecobnb.de\/blog\/#\/schema\/person\/37213e91dbc3c834e4f79a5a33e29a1e"},"description":"Mehr \u00fcber Ca' del Buio durch dieses Interview mit den Gastgebern erfahren, die die Nachhaltigkeit an diesem ligurischen Ort erz\u00e4hlen","breadcrumb":{"@id":"https:\/\/ecobnb.de\/blog\/2026\/04\/nachhaltigkeit-ca-del-buio-finale-ligure\/#breadcrumb"},"inLanguage":"de-DE","potentialAction":[{"@type":"ReadAction","target":["https:\/\/ecobnb.de\/blog\/2026\/04\/nachhaltigkeit-ca-del-buio-finale-ligure\/"]}]},{"@type":"BreadcrumbList","@id":"https:\/\/ecobnb.de\/blog\/2026\/04\/nachhaltigkeit-ca-del-buio-finale-ligure\/#breadcrumb","itemListElement":[{"@type":"ListItem","position":1,"name":"Home","item":"https:\/\/ecobnb.de\/blog\/"},{"@type":"ListItem","position":2,"name":"Nachhaltigkeit am Fu\u00dfe der ligurischen Alpen: Interview mit C\u00e0 del Buio"}]},{"@type":"WebSite","@id":"https:\/\/ecobnb.de\/blog\/#website","url":"https:\/\/ecobnb.de\/blog\/","name":"Ecobnb","description":"Find sustainable accommodation","potentialAction":[{"@type":"SearchAction","target":{"@type":"EntryPoint","urlTemplate":"https:\/\/ecobnb.de\/blog\/?s={search_term_string}"},"query-input":"required name=search_term_string"}],"inLanguage":"de-DE"},{"@type":"Person","@id":"https:\/\/ecobnb.de\/blog\/#\/schema\/person\/37213e91dbc3c834e4f79a5a33e29a1e","name":"Elisa Peron","image":{"@type":"ImageObject","inLanguage":"de-DE","@id":"https:\/\/ecobnb.de\/blog\/#\/schema\/person\/image\/","url":"https:\/\/secure.gravatar.com\/avatar\/d7e41af32f4a12da0c2dc21b8030d829?s=96&d=monsterid&r=g","contentUrl":"https:\/\/secure.gravatar.com\/avatar\/d7e41af32f4a12da0c2dc21b8030d829?s=96&d=monsterid&r=g","caption":"Elisa Peron"},"description":"Ciao! Sono Elisa e studio lingue all'Universit\u00e0 di Trento. Le mie passioni? Montagna e viaggi, specialmente se sostenibili e ... con un buon libro nello zaino! Oltre all'italiano parlo anche inglese, tedesco e russo, ma per me la lingua migliore rimane quella della natura. Nel tempo libero mi piace sperimentare cose nuove: insomma, sono un'anima creativa!","url":"https:\/\/ecobnb.de\/blog\/author\/elisaperon\/"}]}},"_links":{"self":[{"href":"https:\/\/ecobnb.de\/blog\/wp-json\/wp\/v2\/posts\/7005"}],"collection":[{"href":"https:\/\/ecobnb.de\/blog\/wp-json\/wp\/v2\/posts"}],"about":[{"href":"https:\/\/ecobnb.de\/blog\/wp-json\/wp\/v2\/types\/post"}],"author":[{"embeddable":true,"href":"https:\/\/ecobnb.de\/blog\/wp-json\/wp\/v2\/users\/196"}],"replies":[{"embeddable":true,"href":"https:\/\/ecobnb.de\/blog\/wp-json\/wp\/v2\/comments?post=7005"}],"version-history":[{"count":16,"href":"https:\/\/ecobnb.de\/blog\/wp-json\/wp\/v2\/posts\/7005\/revisions"}],"predecessor-version":[{"id":7088,"href":"https:\/\/ecobnb.de\/blog\/wp-json\/wp\/v2\/posts\/7005\/revisions\/7088"}],"wp:featuredmedia":[{"embeddable":true,"href":"https:\/\/ecobnb.de\/blog\/wp-json\/wp\/v2\/media\/7010"}],"wp:attachment":[{"href":"https:\/\/ecobnb.de\/blog\/wp-json\/wp\/v2\/media?parent=7005"}],"wp:term":[{"taxonomy":"category","embeddable":true,"href":"https:\/\/ecobnb.de\/blog\/wp-json\/wp\/v2\/categories?post=7005"},{"taxonomy":"post_tag","embeddable":true,"href":"https:\/\/ecobnb.de\/blog\/wp-json\/wp\/v2\/tags?post=7005"}],"curies":[{"name":"wp","href":"https:\/\/api.w.org\/{rel}","templated":true}]}}